{"id":4795,"date":"2025-11-03T15:20:16","date_gmt":"2025-11-03T18:20:16","guid":{"rendered":"https:\/\/jornalvalenews.com.br\/?p=4795"},"modified":"2025-12-03T15:22:21","modified_gmt":"2025-12-03T18:22:21","slug":"prefeitura-de-ceres-abraca-a-campanha-novembro-azul","status":"publish","type":"post","link":"https:\/\/jornalvalenews.com.br\/index.php\/2025\/11\/03\/prefeitura-de-ceres-abraca-a-campanha-novembro-azul\/","title":{"rendered":"Prefeitura de Ceres abra\u00e7a a campanha Novembro Azul"},"content":{"rendered":"<p>A Prefeitura de Ceres, por meio da Secretaria Municipal de Sa\u00fade, abra\u00e7a a campanha Novembro Azul \u2014 m\u00eas dedicado \u00e0 preven\u00e7\u00e3o e ao cuidado com a sa\u00fade do homem.<br class=\"html-br\" \/><br class=\"html-br\" \/>Sabemos que ainda h\u00e1 resist\u00eancia: muitos homens evitam procurar o m\u00e9dico ou fazer exames preventivos. Mas cuidar da sa\u00fade \u00e9 um ato de coragem, responsabilidade e amor \u00e0 vida.<br class=\"html-br\" \/><br class=\"html-br\" \/>Como s\u00edmbolo desse compromisso, a logo da Prefeitura foi alterada para a cor azul, refor\u00e7ando o apoio da gest\u00e3o \u00e0 causa e \u00e0 conscientiza\u00e7\u00e3o em todo o munic\u00edpio.<br class=\"html-br\" \/><br class=\"html-br\" \/><span class=\"html-span xexx8yu xyri2b x18d9i69 x1c1uobl x1hl2dhg x16tdsg8 x1vvkbs x3nfvp2 x1j61x8r x1fcty0u xdj266r xat24cr xm2jcoa x1mpyi22 xxymvpz xlup9mm x1kky2od\"><img loading=\"lazy\" decoding=\"async\" class=\"xz74otr x15mokao x1ga7v0g x16uus16 xbiv7yw\" src=\"https:\/\/static.xx.fbcdn.net\/images\/emoji.php\/v9\/t62\/2\/16\/1fa7a.png\" alt=\"\ud83e\ude7a\" width=\"16\" height=\"16\" \/><\/span>\u00a0Durante este m\u00eas, nossas unidades de sa\u00fade estar\u00e3o realizando a\u00e7\u00f5es de informa\u00e7\u00e3o, preven\u00e7\u00e3o e atendimento voltadas especialmente ao p\u00fablico masculino.<\/p>\n","protected":false},"excerpt":{"rendered":"<p>A Prefeitura de Ceres, por meio da Secretaria Municipal de Sa\u00fade, abra\u00e7a a campanha Novembro Azul \u2014 m\u00eas dedicado \u00e0 preven\u00e7\u00e3o e ao cuidado com a sa\u00fade do homem.Sabemos que ainda h\u00e1 resist\u00eancia: muitos homens evitam procurar o m\u00e9dico ou fazer exames preventivos. Mas cuidar da sa\u00fade \u00e9 um ato de coragem, responsabilidade e amor [&hellip;]<\/p>\n","protected":false},"author":1,"featured_media":4796,"comment_status":"open","ping_status":"open","sticky":false,"template":"","format":"standard","meta":{"om_disable_all_campaigns":false,"footnotes":"","jetpack_publicize_message":"","jetpack_publicize_feature_enabled":true,"jetpack_social_post_already_shared":true,"jetpack_social_options":{"image_generator_settings":{"template":"highway","enabled":false}}},"categories":[11,8,5,46,9],"tags":[],"jetpack_publicize_connections":[],"jetpack_sharing_enabled":true,"jetpack_featured_media_url":"https:\/\/jornalvalenews.com.br\/wp-content\/uploads\/2025\/12\/Inserir-um-titulo-64.png","_links":{"self":[{"href":"https:\/\/jornalvalenews.com.br\/index.php\/wp-json\/wp\/v2\/posts\/4795"}],"collection":[{"href":"https:\/\/jornalvalenews.com.br\/index.php\/wp-json\/wp\/v2\/posts"}],"about":[{"href":"https:\/\/jornalvalenews.com.br\/index.php\/wp-json\/wp\/v2\/types\/post"}],"author":[{"embeddable":true,"href":"https:\/\/jornalvalenews.com.br\/index.php\/wp-json\/wp\/v2\/users\/1"}],"replies":[{"embeddable":true,"href":"https:\/\/jornalvalenews.com.br\/index.php\/wp-json\/wp\/v2\/comments?post=4795"}],"version-history":[{"count":1,"href":"https:\/\/jornalvalenews.com.br\/index.php\/wp-json\/wp\/v2\/posts\/4795\/revisions"}],"predecessor-version":[{"id":4797,"href":"https:\/\/jornalvalenews.com.br\/index.php\/wp-json\/wp\/v2\/posts\/4795\/revisions\/4797"}],"wp:featuredmedia":[{"embeddable":true,"href":"https:\/\/jornalvalenews.com.br\/index.php\/wp-json\/wp\/v2\/media\/4796"}],"wp:attachment":[{"href":"https:\/\/jornalvalenews.com.br\/index.php\/wp-json\/wp\/v2\/media?parent=4795"}],"wp:term":[{"taxonomy":"category","embeddable":true,"href":"https:\/\/jornalvalenews.com.br\/index.php\/wp-json\/wp\/v2\/categories?post=4795"},{"taxonomy":"post_tag","embeddable":true,"href":"https:\/\/jornalvalenews.com.br\/index.php\/wp-json\/wp\/v2\/tags?post=4795"}],"curies":[{"name":"wp","href":"https:\/\/api.w.org\/{rel}","templated":true}]}}