{"id":4792,"date":"2025-12-03T13:19:41","date_gmt":"2025-12-03T16:19:41","guid":{"rendered":"https:\/\/jornalvalenews.com.br\/?p=4792"},"modified":"2025-12-03T13:19:41","modified_gmt":"2025-12-03T16:19:41","slug":"camara-municipal-de-rianapolis-realiza-1a-e-2a-sessoes-ordinarias-de-dezembro-de-2025","status":"publish","type":"post","link":"https:\/\/jornalvalenews.com.br\/index.php\/2025\/12\/03\/camara-municipal-de-rianapolis-realiza-1a-e-2a-sessoes-ordinarias-de-dezembro-de-2025\/","title":{"rendered":"C\u00e2mara Municipal de Rian\u00e1polis realiza 1\u00aa e 2\u00aa Sess\u00f5es Ordin\u00e1rias de dezembro de 2025"},"content":{"rendered":"<p>&nbsp;<\/p>\n<p><a href=\"https:\/\/www.instagram.com\/camararianapolis\/\" target=\"_blank\" rel=\"noopener\"><img loading=\"lazy\" decoding=\"async\" class=\"alignnone\" src=\"https:\/\/jornalvalenews.com.br\/wp-content\/uploads\/2025\/03\/camara-de-rianapolis-02.png\" alt=\"\" width=\"2140\" height=\"1783\" \/><\/a><\/p>\n<p>&nbsp;<\/p>\n<p>Na \u00faltima ter\u00e7a-feira, 2 de dezembro de 2025, a<strong> C\u00e2mara Municipal de Rian\u00e1polis realizou a 1\u00aa e a 2\u00aa Sess\u00f5es Ordin\u00e1rias do m\u00eas de dezembro<\/strong>, sob a presid\u00eancia do vereador <strong>Bruno Bezerra de Lima<\/strong> e com a presen\u00e7a dos vereadores Ac\u00e1cio Tostes, Ivone Rosa, Jouse Ribeiro, Lucas Menezes, Marcelo Martins, Sandra Alves, Sebasti\u00e3o Ferreira e Zilmar Ribeiro.<\/p>\n<p>Durante a 1\u00aa Sess\u00e3o Ordin\u00e1ria, conforme registrado em ata oficial, foi realizada a leitura e vota\u00e7\u00e3o da ata da sess\u00e3o do dia 25 de novembro de 2025, sendo aprovada por 8 votos a 0. Considerando a programa\u00e7\u00e3o prevista, foi informado que outra sess\u00e3o ordin\u00e1ria seria realizada na mesma data, seguindo sequ\u00eancia dos trabalhos legislativos.<\/p>\n<p>Em continuidade, j\u00e1 na 2\u00aa Sess\u00e3o Ordin\u00e1ria, foram lidas as mat\u00e9rias constantes na Ordem do Dia, sendo tratadas as seguintes proposi\u00e7\u00f5es:<\/p>\n<p>Leitura da Ata do dia 02\/12\/2025<br \/>\nA ata foi colocada em aprecia\u00e7\u00e3o e, posteriormente, aprovada por 8 votos a 0.<\/p>\n<p>1\u00aa vota\u00e7\u00e3o do Projeto de Decreto Legislativo n\u00ba 008\/2025<br \/>\nDe autoria do vereador Bruno Lima, o projeto contou com parecer favor\u00e1vel das Comiss\u00f5es Competentes, sendo aprovado na vota\u00e7\u00e3o.<\/p>\n<p>1\u00aa vota\u00e7\u00e3o do Projeto de Decreto Legislativo n\u00ba 009\/2025<br \/>\nTamb\u00e9m de autoria do vereador Bruno Lima, com parecer favor\u00e1vel das Comiss\u00f5es Competentes, aprovado por 8 votos a 0.<\/p>\n<p>1\u00aa vota\u00e7\u00e3o do Projeto de Decreto Legislativo n\u00ba 010\/2025<br \/>\nDe autoria do vereador Bruno Lima, aprovado em 1\u00aa vota\u00e7\u00e3o com parecer pr\u00e9vio favor\u00e1vel.<\/p>\n<p>1\u00aa vota\u00e7\u00e3o do Projeto de Decreto Legislativo n\u00ba 011\/2025<br \/>\nDe autoria dos vereadores Bruno Lima, Ac\u00e1cio Tostes, Sandra Alves e Sebasti\u00e3o Ferreira, aprovado em 1\u00aa vota\u00e7\u00e3o ap\u00f3s parecer favor\u00e1vel das Comiss\u00f5es Competentes.<\/p>\n<p>Ainda na sess\u00e3o, foi informado que, havendo requerimentos verbais, estes seriam colocados em aprecia\u00e7\u00e3o e vota\u00e7\u00e3o. Tamb\u00e9m foi realizada a leitura de convite da Escola Municipal Rita M\u00f4nica L\u00eado.<\/p>\n<p>A pr\u00f3xima Sess\u00e3o Ordin\u00e1ria est\u00e1 agendada para o dia <strong>9 de dezembro de 2025<\/strong>, ter\u00e7a-feira, \u00e0s 19h30, no plen\u00e1rio da C\u00e2mara Municipal de Rian\u00e1polis.<\/p>\n","protected":false},"excerpt":{"rendered":"<p>&nbsp; &nbsp; Na \u00faltima ter\u00e7a-feira, 2 de dezembro de 2025, a C\u00e2mara Municipal de Rian\u00e1polis realizou a 1\u00aa e a 2\u00aa Sess\u00f5es Ordin\u00e1rias do m\u00eas de dezembro, sob a presid\u00eancia do vereador Bruno Bezerra de Lima e com a presen\u00e7a dos vereadores Ac\u00e1cio Tostes, Ivone Rosa, Jouse Ribeiro, Lucas Menezes, Marcelo Martins, Sandra Alves, Sebasti\u00e3o [&hellip;]<\/p>\n","protected":false},"author":1,"featured_media":4793,"comment_status":"open","ping_status":"open","sticky":false,"template":"","format":"standard","meta":{"om_disable_all_campaigns":false,"footnotes":"","jetpack_publicize_message":"","jetpack_publicize_feature_enabled":true,"jetpack_social_post_already_shared":true,"jetpack_social_options":{"image_generator_settings":{"template":"highway","enabled":false}}},"categories":[8,5,9],"tags":[513,600,230,660],"jetpack_publicize_connections":[],"jetpack_sharing_enabled":true,"jetpack_featured_media_url":"https:\/\/jornalvalenews.com.br\/wp-content\/uploads\/2025\/12\/Captura-de-Tela-2025-12-03-as-12.23.44.png","_links":{"self":[{"href":"https:\/\/jornalvalenews.com.br\/index.php\/wp-json\/wp\/v2\/posts\/4792"}],"collection":[{"href":"https:\/\/jornalvalenews.com.br\/index.php\/wp-json\/wp\/v2\/posts"}],"about":[{"href":"https:\/\/jornalvalenews.com.br\/index.php\/wp-json\/wp\/v2\/types\/post"}],"author":[{"embeddable":true,"href":"https:\/\/jornalvalenews.com.br\/index.php\/wp-json\/wp\/v2\/users\/1"}],"replies":[{"embeddable":true,"href":"https:\/\/jornalvalenews.com.br\/index.php\/wp-json\/wp\/v2\/comments?post=4792"}],"version-history":[{"count":1,"href":"https:\/\/jornalvalenews.com.br\/index.php\/wp-json\/wp\/v2\/posts\/4792\/revisions"}],"predecessor-version":[{"id":4794,"href":"https:\/\/jornalvalenews.com.br\/index.php\/wp-json\/wp\/v2\/posts\/4792\/revisions\/4794"}],"wp:featuredmedia":[{"embeddable":true,"href":"https:\/\/jornalvalenews.com.br\/index.php\/wp-json\/wp\/v2\/media\/4793"}],"wp:attachment":[{"href":"https:\/\/jornalvalenews.com.br\/index.php\/wp-json\/wp\/v2\/media?parent=4792"}],"wp:term":[{"taxonomy":"category","embeddable":true,"href":"https:\/\/jornalvalenews.com.br\/index.php\/wp-json\/wp\/v2\/categories?post=4792"},{"taxonomy":"post_tag","embeddable":true,"href":"https:\/\/jornalvalenews.com.br\/index.php\/wp-json\/wp\/v2\/tags?post=4792"}],"curies":[{"name":"wp","href":"https:\/\/api.w.org\/{rel}","templated":true}]}}