{"id":4789,"date":"2025-12-03T12:43:41","date_gmt":"2025-12-03T15:43:41","guid":{"rendered":"https:\/\/jornalvalenews.com.br\/?p=4789"},"modified":"2025-12-03T12:43:41","modified_gmt":"2025-12-03T15:43:41","slug":"camara-municipal-de-ceres-realiza-2a-sessao-ordinaria-de-dezembro-de-2025-confira","status":"publish","type":"post","link":"https:\/\/jornalvalenews.com.br\/index.php\/2025\/12\/03\/camara-municipal-de-ceres-realiza-2a-sessao-ordinaria-de-dezembro-de-2025-confira\/","title":{"rendered":"C\u00e2mara Municipal de Ceres realiza 2\u00aa Sess\u00e3o Ordin\u00e1ria de dezembro de 2025: confira"},"content":{"rendered":"<p data-start=\"497\" data-end=\"728\">Na \u00faltima ter\u00e7a-feira, dia 2, sob a presid\u00eancia do vereador <strong data-start=\"557\" data-end=\"593\">Glic\u00e9rio de Moraes Mendes Junior<\/strong>, foi realizada a <strong data-start=\"611\" data-end=\"661\">2\u00aa Sess\u00e3o Ordin\u00e1ria do m\u00eas de dezembro de 2025<\/strong>. Na oportunidade, foram votadas e aprovadas as seguintes mat\u00e9rias:<\/p>\n<p data-start=\"730\" data-end=\"934\">Aprovado, em segunda vota\u00e7\u00e3o, o <strong data-start=\"762\" data-end=\"791\">Projeto de Lei n\u00ba 06\/2025<\/strong>, de autoria do Poder Legislativo, que <strong data-start=\"830\" data-end=\"933\">reconhece como de utilidade p\u00fablica municipal a Associa\u00e7\u00e3o Esportiva Ceres e d\u00e1 outras provid\u00eancias<\/strong>.<\/p>\n<p data-start=\"936\" data-end=\"1181\">Aprovado, em segunda vota\u00e7\u00e3o, o <strong data-start=\"968\" data-end=\"997\">Projeto de Lei n\u00ba 08\/2025<\/strong>, de autoria do Poder Legislativo, que <strong data-start=\"1036\" data-end=\"1180\">disp\u00f5e sobre a cria\u00e7\u00e3o de sistema \u00fanico de cadastro para doa\u00e7\u00e3o de materiais de constru\u00e7\u00e3o oriundos de construtoras e d\u00e1 outras provid\u00eancias<\/strong>.<\/p>\n<p data-start=\"1183\" data-end=\"1586\">Aprovado, em segunda vota\u00e7\u00e3o, o <strong data-start=\"1215\" data-end=\"1244\">Projeto de Lei n\u00ba 09\/2025<\/strong>, de autoria do Poder Legislativo, que <strong data-start=\"1283\" data-end=\"1585\">disp\u00f5e sobre a concess\u00e3o de benef\u00edcio eventual, n\u00e3o contributivo, \u00e0 pessoa ou fam\u00edlia com impossibilidade de arcar com despesas do funeral, referente ao aluguel da sala de vel\u00f3rio junto \u00e0s empresas funer\u00e1rias, com hipossufici\u00eancia financeira, a t\u00edtulo de \u201caux\u00edlio funeral\u201d, e d\u00e1 outras provid\u00eancias<\/strong>.<\/p>\n<p data-start=\"1588\" data-end=\"1882\">Aprovado, em segunda vota\u00e7\u00e3o, o <strong data-start=\"1620\" data-end=\"1650\">Projeto de Lei n\u00ba 024\/2025<\/strong>, de autoria do Poder Executivo, que <strong data-start=\"1687\" data-end=\"1881\">altera a Lei 1.765, de 05 de julho de 2012, que institui o Fundo Especial Municipal para a Fra\u00e7\u00e3o do Corpo de Bombeiros Militar do Estado de Goi\u00e1s, sediado em Ceres, e d\u00e1 outras provid\u00eancias<\/strong>.<\/p>\n<p data-start=\"1884\" data-end=\"2126\">Aprovado, em segunda vota\u00e7\u00e3o, o <strong data-start=\"1916\" data-end=\"1946\">Projeto de Lei n\u00ba 025\/2025<\/strong>, de autoria do Poder Executivo, que <strong data-start=\"1983\" data-end=\"2125\">disp\u00f5e sobre a denomina\u00e7\u00e3o de pra\u00e7a p\u00fablica conhecida popularmente como Pra\u00e7a do Tamboril, no Munic\u00edpio de Ceres, e d\u00e1 outras provid\u00eancias<\/strong>.<\/p>\n<p data-start=\"2128\" data-end=\"2141\">REQUERIMENTOS<\/p>\n<p data-start=\"2143\" data-end=\"2378\"><strong data-start=\"2143\" data-end=\"2171\">Requerimento n\u00ba 258\/2025<\/strong><br data-start=\"2171\" data-end=\"2174\" \/>De autoria da vereadora <strong data-start=\"2198\" data-end=\"2218\">Juliana Silveira<\/strong>, <strong data-start=\"2220\" data-end=\"2295\">que requer ao Chefe do Poder Executivo e \u00e0 Secretaria de Infraestrutura<\/strong> que sejam realizadas, com urg\u00eancia, a\u00e7\u00f5es de limpeza e manuten\u00e7\u00e3o na orla do lago.<\/p>\n<p data-start=\"2380\" data-end=\"2919\">Justificativa: O local encontra-se em condi\u00e7\u00f5es inadequadas, apresentando excesso de mato, ilumina\u00e7\u00e3o prec\u00e1ria e brinquedos danificados, estes \u00faltimos oferecendo risco \u00e0s crian\u00e7as que utilizam o parque. A falta de manuten\u00e7\u00e3o tem comprometido a seguran\u00e7a, a sa\u00fade e o bem-estar da popula\u00e7\u00e3o, al\u00e9m de prejudicar o uso adequado de um espa\u00e7o que deveria promover qualidade de vida e atividades comunit\u00e1rias. A interven\u00e7\u00e3o imediata \u00e9 essencial para garantir que esse patrim\u00f4nio p\u00fablico volte a oferecer condi\u00e7\u00f5es dignas e seguras de utiliza\u00e7\u00e3o.<\/p>\n<p data-start=\"2921\" data-end=\"3268\"><strong data-start=\"2921\" data-end=\"2949\">Requerimento n\u00ba 259\/2025<\/strong><br data-start=\"2949\" data-end=\"2952\" \/>De autoria do vereador <strong data-start=\"2975\" data-end=\"3002\">Lucas Rodrigues de Melo<\/strong>, <strong data-start=\"3004\" data-end=\"3092\">que requer \u00e0 Secretaria Municipal de Obras e \u00e0 Secretaria Municipal de Administra\u00e7\u00e3o<\/strong> que seja feita uma nova pavimenta\u00e7\u00e3o asf\u00e1ltica na via localizada na parte inferior do Complexo Tur\u00edstico do Munic\u00edpio, incluindo o acesso pela Avenida Bernardo Say\u00e3o (GO-154).<\/p>\n<p data-start=\"3270\" data-end=\"3969\">Justificativa: A solicita\u00e7\u00e3o se deve ao fato de que o local citado apresenta sua via de acesso totalmente danificada, com buracos e cortes no pouco pavimento existente. Considerando a import\u00e2ncia do Complexo Tur\u00edstico como cart\u00e3o-postal da cidade e a necessidade de garantir a seguran\u00e7a e a trafegabilidade dos mun\u00edcipes, visitantes e moradores da zona rural que trafegam pela via, faz-se urgente a interven\u00e7\u00e3o. Caso n\u00e3o haja, no presente momento, viabilidade or\u00e7ament\u00e1ria ou t\u00e9cnica para a execu\u00e7\u00e3o de uma nova pavimenta\u00e7\u00e3o asf\u00e1ltica, o vereador sugere, em car\u00e1ter emergencial e alternativo, que seja feito o servi\u00e7o de remo\u00e7\u00e3o dos restos do asfalto, seguido de patrolamento da via e cascalhamento.<\/p>\n","protected":false},"excerpt":{"rendered":"<p>Na \u00faltima ter\u00e7a-feira, dia 2, sob a presid\u00eancia do vereador Glic\u00e9rio de Moraes Mendes Junior, foi realizada a 2\u00aa Sess\u00e3o Ordin\u00e1ria do m\u00eas de dezembro de 2025. Na oportunidade, foram votadas e aprovadas as seguintes mat\u00e9rias: Aprovado, em segunda vota\u00e7\u00e3o, o Projeto de Lei n\u00ba 06\/2025, de autoria do Poder Legislativo, que reconhece como de [&hellip;]<\/p>\n","protected":false},"author":1,"featured_media":4790,"comment_status":"open","ping_status":"open","sticky":false,"template":"","format":"standard","meta":{"om_disable_all_campaigns":false,"footnotes":"","jetpack_publicize_message":"","jetpack_publicize_feature_enabled":true,"jetpack_social_post_already_shared":true,"jetpack_social_options":{"image_generator_settings":{"template":"highway","enabled":false}}},"categories":[11,8,5,9],"tags":[447,531,15,624],"jetpack_publicize_connections":[],"jetpack_sharing_enabled":true,"jetpack_featured_media_url":"https:\/\/jornalvalenews.com.br\/wp-content\/uploads\/2025\/12\/Segunda-Sessao-dezembro-2025.jpg","_links":{"self":[{"href":"https:\/\/jornalvalenews.com.br\/index.php\/wp-json\/wp\/v2\/posts\/4789"}],"collection":[{"href":"https:\/\/jornalvalenews.com.br\/index.php\/wp-json\/wp\/v2\/posts"}],"about":[{"href":"https:\/\/jornalvalenews.com.br\/index.php\/wp-json\/wp\/v2\/types\/post"}],"author":[{"embeddable":true,"href":"https:\/\/jornalvalenews.com.br\/index.php\/wp-json\/wp\/v2\/users\/1"}],"replies":[{"embeddable":true,"href":"https:\/\/jornalvalenews.com.br\/index.php\/wp-json\/wp\/v2\/comments?post=4789"}],"version-history":[{"count":1,"href":"https:\/\/jornalvalenews.com.br\/index.php\/wp-json\/wp\/v2\/posts\/4789\/revisions"}],"predecessor-version":[{"id":4791,"href":"https:\/\/jornalvalenews.com.br\/index.php\/wp-json\/wp\/v2\/posts\/4789\/revisions\/4791"}],"wp:featuredmedia":[{"embeddable":true,"href":"https:\/\/jornalvalenews.com.br\/index.php\/wp-json\/wp\/v2\/media\/4790"}],"wp:attachment":[{"href":"https:\/\/jornalvalenews.com.br\/index.php\/wp-json\/wp\/v2\/media?parent=4789"}],"wp:term":[{"taxonomy":"category","embeddable":true,"href":"https:\/\/jornalvalenews.com.br\/index.php\/wp-json\/wp\/v2\/categories?post=4789"},{"taxonomy":"post_tag","embeddable":true,"href":"https:\/\/jornalvalenews.com.br\/index.php\/wp-json\/wp\/v2\/tags?post=4789"}],"curies":[{"name":"wp","href":"https:\/\/api.w.org\/{rel}","templated":true}]}}