{"id":4752,"date":"2025-12-02T20:51:51","date_gmt":"2025-12-02T23:51:51","guid":{"rendered":"https:\/\/jornalvalenews.com.br\/?p=4752"},"modified":"2025-12-02T20:51:51","modified_gmt":"2025-12-02T23:51:51","slug":"corpo-de-bombeiros-realiza-formatura-do-programa-bombeiro-mirim-em-ceres-e-homenageia-a-estudante-vitoria-araujo","status":"publish","type":"post","link":"https:\/\/jornalvalenews.com.br\/index.php\/2025\/12\/02\/corpo-de-bombeiros-realiza-formatura-do-programa-bombeiro-mirim-em-ceres-e-homenageia-a-estudante-vitoria-araujo\/","title":{"rendered":"Corpo de Bombeiros realiza formatura do Programa Bombeiro Mirim em Ceres e homenageia a estudante Vit\u00f3ria Ara\u00fajo"},"content":{"rendered":"<p data-start=\"511\" data-end=\"781\"><a href=\"https:\/\/api.whatsapp.com\/send?phone=5562998212725&amp;text=Ol%C3%A1,%20gostaria%20de%20falar%20com%20a%20secret%C3%A1ria%20do%20Dr.%20Paulo%20e%20Dra.%20Caroline\" target=\"_blank\" rel=\"noopener\"><img loading=\"lazy\" decoding=\"async\" class=\"alignnone\" src=\"https:\/\/jornalvalenews.com.br\/wp-content\/uploads\/2024\/08\/novo-gif-dr.-paulo.gif\" alt=\"\" width=\"800\" height=\"666\" \/><\/a><\/p>\n<p data-start=\"511\" data-end=\"781\">Na \u00faltima sexta-feira, 28 de novembro, foi realizada <strong data-start=\"564\" data-end=\"576\">em Ceres<\/strong> a formatura do Programa Educacional Bombeiro Mirim, PROEBOM. A cerim\u00f4nia marcou o encerramento das atividades de <strong data-start=\"690\" data-end=\"703\">26 alunos<\/strong>, que conclu\u00edram um ciclo de aprendizados e viv\u00eancias oferecidos pelo projeto.<\/p>\n<p data-start=\"783\" data-end=\"1005\">A turma recebeu o nome de <strong data-start=\"809\" data-end=\"842\">Bombeira Mirim Vit\u00f3ria Ara\u00fajo<\/strong>, in memoriam, em homenagem \u00e0 jovem da Turma Delta 2017, destacando seu legado e mantendo viva sua lembran\u00e7a junto aos colegas, familiares e ao Corpo de Bombeiros.<\/p>\n<p data-start=\"1007\" data-end=\"1336\">Voltado para crian\u00e7as de <strong data-start=\"1032\" data-end=\"1047\">9 a 11 anos<\/strong>, o PROEBOM promove forma\u00e7\u00e3o complementar \u00e0 educa\u00e7\u00e3o formal, incentivando cidadania, responsabilidade e disciplina. Durante o curso, os alunos receberam instru\u00e7\u00f5es de <strong data-start=\"1214\" data-end=\"1236\">primeiros socorros<\/strong>, <strong data-start=\"1238\" data-end=\"1252\">salvamento<\/strong>, <strong data-start=\"1254\" data-end=\"1277\">combate a inc\u00eandios<\/strong>, <strong data-start=\"1279\" data-end=\"1292\">lideran\u00e7a<\/strong>, <strong data-start=\"1294\" data-end=\"1305\">civismo<\/strong> e no\u00e7\u00f5es b\u00e1sicas de seguran\u00e7a.<\/p>\n<p data-start=\"1338\" data-end=\"1749\">A formatura contou com a presen\u00e7a de diversas autoridades, entre elas o <strong data-start=\"1410\" data-end=\"1444\">Tenente Coronel Nilson Justino<\/strong>, presidente da Caixa Beneficente dos Militares de Goi\u00e1s, o <strong data-start=\"1504\" data-end=\"1538\">vice-prefeito de Ceres, Marc\u00e3o<\/strong>, o <strong data-start=\"1542\" data-end=\"1592\">diretor do IF Goiano Campus Ceres, Dr. Adriano<\/strong>, o <strong data-start=\"1596\" data-end=\"1616\">delegado Nelinho<\/strong>, o <strong data-start=\"1620\" data-end=\"1636\">padre Carlos<\/strong>, o <strong data-start=\"1640\" data-end=\"1665\">Tenente Coronel Andr\u00e9<\/strong>, o <strong data-start=\"1669\" data-end=\"1688\">vereador Zenner<\/strong>, al\u00e9m de outras representa\u00e7\u00f5es da sociedade civil e militar.<\/p>\n<p data-start=\"1751\" data-end=\"2113\">O projeto conta com o apoio do <strong data-start=\"1782\" data-end=\"1802\">Governo de Goi\u00e1s<\/strong>, das <strong data-start=\"1808\" data-end=\"1841\">prefeituras de Ceres e Rialma<\/strong>, das <strong data-start=\"1847\" data-end=\"1869\">c\u00e2maras municipais<\/strong>, do <strong data-start=\"1874\" data-end=\"1887\">IF Goiano<\/strong>, da <strong data-start=\"1892\" data-end=\"1911\">Pol\u00edcia Militar<\/strong>, <strong data-start=\"1913\" data-end=\"1930\">Pol\u00edcia Civil<\/strong>, <strong data-start=\"1932\" data-end=\"1949\">Pol\u00edcia Penal<\/strong>, <strong data-start=\"1951\" data-end=\"1964\">AMT-Ceres<\/strong>, do <strong data-start=\"1969\" data-end=\"1995\">Ceres Clube Recreativo<\/strong>, do <strong data-start=\"2000\" data-end=\"2016\">Caf\u00e9 Bambino<\/strong> e demais parceiros, com coordena\u00e7\u00e3o da <strong data-start=\"2056\" data-end=\"2112\">18\u00aa Companhia Independente Bombeiro Militar de Ceres<\/strong>.<\/p>\n<p data-start=\"2115\" data-end=\"2483\">A equipe da 18\u00aa CIBM foi reconhecida pelo trabalho realizado no programa, com destaque ao <strong data-start=\"2205\" data-end=\"2233\">comandante Major Almeida<\/strong>, ao <strong data-start=\"2238\" data-end=\"2256\">Capit\u00e3o Carlos<\/strong>, coordenador do PROEBOM em Ceres e Uruana, e ao <strong data-start=\"2305\" data-end=\"2330\">Subtenente Wellington<\/strong>, chefe de pelot\u00e3o das turmas envolvidas. O compromisso da corpora\u00e7\u00e3o foi fundamental para o desenvolvimento das atividades e para o sucesso da forma\u00e7\u00e3o.<\/p>\n<h3 data-start=\"2115\" data-end=\"2483\"><strong><br \/>\nVeja o v\u00eddeo: <a href=\"https:\/\/www.instagram.com\/jornalvalenews\/reel\/DRx7Q4nkS0K\/\" target=\"_blank\" rel=\"noopener\">clique aqui!<\/a><\/p>\n<p><\/strong><strong>Voc\u00ea tem Instagram?! Siga o perfil do Jornal Vale News e fique por dentro das principais not\u00edcias.<\/strong><\/h3>\n","protected":false},"excerpt":{"rendered":"<p>Na \u00faltima sexta-feira, 28 de novembro, foi realizada em Ceres a formatura do Programa Educacional Bombeiro Mirim, PROEBOM. A cerim\u00f4nia marcou o encerramento das atividades de 26 alunos, que conclu\u00edram um ciclo de aprendizados e viv\u00eancias oferecidos pelo projeto. A turma recebeu o nome de Bombeira Mirim Vit\u00f3ria Ara\u00fajo, in memoriam, em homenagem \u00e0 jovem [&hellip;]<\/p>\n","protected":false},"author":1,"featured_media":4759,"comment_status":"open","ping_status":"open","sticky":false,"template":"","format":"standard","meta":{"om_disable_all_campaigns":false,"footnotes":"","jetpack_publicize_message":"","jetpack_publicize_feature_enabled":true,"jetpack_social_post_already_shared":true,"jetpack_social_options":{"image_generator_settings":{"template":"highway","enabled":false}}},"categories":[11,389,8,9],"tags":[794,793],"jetpack_publicize_connections":[],"jetpack_sharing_enabled":true,"jetpack_featured_media_url":"https:\/\/jornalvalenews.com.br\/wp-content\/uploads\/2025\/12\/Copia-de-21a-Semana-29.png","_links":{"self":[{"href":"https:\/\/jornalvalenews.com.br\/index.php\/wp-json\/wp\/v2\/posts\/4752"}],"collection":[{"href":"https:\/\/jornalvalenews.com.br\/index.php\/wp-json\/wp\/v2\/posts"}],"about":[{"href":"https:\/\/jornalvalenews.com.br\/index.php\/wp-json\/wp\/v2\/types\/post"}],"author":[{"embeddable":true,"href":"https:\/\/jornalvalenews.com.br\/index.php\/wp-json\/wp\/v2\/users\/1"}],"replies":[{"embeddable":true,"href":"https:\/\/jornalvalenews.com.br\/index.php\/wp-json\/wp\/v2\/comments?post=4752"}],"version-history":[{"count":2,"href":"https:\/\/jornalvalenews.com.br\/index.php\/wp-json\/wp\/v2\/posts\/4752\/revisions"}],"predecessor-version":[{"id":4761,"href":"https:\/\/jornalvalenews.com.br\/index.php\/wp-json\/wp\/v2\/posts\/4752\/revisions\/4761"}],"wp:featuredmedia":[{"embeddable":true,"href":"https:\/\/jornalvalenews.com.br\/index.php\/wp-json\/wp\/v2\/media\/4759"}],"wp:attachment":[{"href":"https:\/\/jornalvalenews.com.br\/index.php\/wp-json\/wp\/v2\/media?parent=4752"}],"wp:term":[{"taxonomy":"category","embeddable":true,"href":"https:\/\/jornalvalenews.com.br\/index.php\/wp-json\/wp\/v2\/categories?post=4752"},{"taxonomy":"post_tag","embeddable":true,"href":"https:\/\/jornalvalenews.com.br\/index.php\/wp-json\/wp\/v2\/tags?post=4752"}],"curies":[{"name":"wp","href":"https:\/\/api.w.org\/{rel}","templated":true}]}}