{"id":4747,"date":"2025-12-02T18:47:06","date_gmt":"2025-12-02T21:47:06","guid":{"rendered":"https:\/\/jornalvalenews.com.br\/?p=4747"},"modified":"2025-12-02T18:47:06","modified_gmt":"2025-12-02T21:47:06","slug":"camara-municipal-de-ceres-realiza-1a-sessao-ordinaria-de-dezembro-e-elege-nova-mesa-diretora-para-2026","status":"publish","type":"post","link":"https:\/\/jornalvalenews.com.br\/index.php\/2025\/12\/02\/camara-municipal-de-ceres-realiza-1a-sessao-ordinaria-de-dezembro-e-elege-nova-mesa-diretora-para-2026\/","title":{"rendered":"C\u00e2mara Municipal de Ceres realiza 1\u00aa Sess\u00e3o Ordin\u00e1ria de dezembro e elege nova Mesa Diretora para 2026"},"content":{"rendered":"<p data-start=\"423\" data-end=\"673\">Nesta segunda-feira, dia 01, sob a presid\u00eancia do vereador Glic\u00e9rio de Moraes Mendes Junior, foi realizada a 1\u00aa Sess\u00e3o Ordin\u00e1ria do m\u00eas de dezembro de 2025, destinada \u00e0 elei\u00e7\u00e3o da Mesa Diretora da<strong> C\u00e2mara Municipal de Ceres<\/strong> para o exerc\u00edcio de 2026.<\/p>\n<p data-start=\"675\" data-end=\"981\"><strong>Foram eleitos: Juliano Garcia Rosa (presidente), Hugo S\u00e9rgio da Silva (vice-presidente), Reginaldo Liberato de Azevedo (1\u00ba secret\u00e1rio) e Zener de Oliveira Azevedo (2\u00ba secret\u00e1rio)<\/strong>. Tamb\u00e9m concorreu ao pleito uma chapa formada pela vereadora Juliana, vereador Lucas, vereador Maur\u00edcio e vereador Frederico.<\/p>\n<p data-start=\"983\" data-end=\"1126\">Com a palavra, os vereadores parabenizaram o presidente Glic\u00e9rio pelo trabalho desenvolvido em 2025, destacando sua condu\u00e7\u00e3o da Casa de Leis.<\/p>\n<p data-start=\"983\" data-end=\"1126\"><img loading=\"lazy\" decoding=\"async\" class=\"wp-image-4750 aligncenter\" src=\"https:\/\/jornalvalenews.com.br\/wp-content\/uploads\/2025\/12\/WERF6163-300x203.jpg\" alt=\"\" width=\"700\" height=\"474\" srcset=\"https:\/\/jornalvalenews.com.br\/wp-content\/uploads\/2025\/12\/WERF6163-300x203.jpg 300w, https:\/\/jornalvalenews.com.br\/wp-content\/uploads\/2025\/12\/WERF6163-1024x692.jpg 1024w, https:\/\/jornalvalenews.com.br\/wp-content\/uploads\/2025\/12\/WERF6163-768x519.jpg 768w, https:\/\/jornalvalenews.com.br\/wp-content\/uploads\/2025\/12\/WERF6163-1536x1038.jpg 1536w, https:\/\/jornalvalenews.com.br\/wp-content\/uploads\/2025\/12\/WERF6163-305x207.jpg 305w, https:\/\/jornalvalenews.com.br\/wp-content\/uploads\/2025\/12\/WERF6163-622x420.jpg 622w, https:\/\/jornalvalenews.com.br\/wp-content\/uploads\/2025\/12\/WERF6163.jpg 1920w\" sizes=\"(max-width: 700px) 100vw, 700px\" \/><\/p>\n<p data-start=\"1128\" data-end=\"1419\">Em seu pronunciamento, o novo presidente, Juliano Garcia Rosa, agradeceu a Deus, \u00e0 fam\u00edlia e aos colegas vereadores pela confian\u00e7a. Citou o Salmo 91 como inspira\u00e7\u00e3o e exaltou a uni\u00e3o da nova Mesa Diretora, al\u00e9m de refor\u00e7ar a import\u00e2ncia da parceria com a Prefeitura para o avan\u00e7o de Ceres.<\/p>\n<p data-start=\"1421\" data-end=\"1558\">Juliano destacou o apoio da esposa, dos filhos, de seus pais e amigos, reafirmando seu compromisso com a honestidade e a transpar\u00eancia.<\/p>\n<p data-start=\"1560\" data-end=\"1770\">Ao encerrar, garantiu que sua gest\u00e3o ser\u00e1 pautada pelo di\u00e1logo, respeito e pelo trabalho em prol da popula\u00e7\u00e3o: \u201cA C\u00e2mara continuar\u00e1 atuando com responsabilidade e transpar\u00eancia pelo desenvolvimento de Ceres.\u201d<\/p>\n<p data-start=\"1560\" data-end=\"1770\"><img loading=\"lazy\" decoding=\"async\" class=\"wp-image-4748 aligncenter\" src=\"https:\/\/jornalvalenews.com.br\/wp-content\/uploads\/2025\/12\/IMG-20251201-WA0159-300x225.jpg\" alt=\"\" width=\"700\" height=\"525\" srcset=\"https:\/\/jornalvalenews.com.br\/wp-content\/uploads\/2025\/12\/IMG-20251201-WA0159-300x225.jpg 300w, https:\/\/jornalvalenews.com.br\/wp-content\/uploads\/2025\/12\/IMG-20251201-WA0159-1024x768.jpg 1024w, https:\/\/jornalvalenews.com.br\/wp-content\/uploads\/2025\/12\/IMG-20251201-WA0159-768x576.jpg 768w, https:\/\/jornalvalenews.com.br\/wp-content\/uploads\/2025\/12\/IMG-20251201-WA0159-1536x1152.jpg 1536w, https:\/\/jornalvalenews.com.br\/wp-content\/uploads\/2025\/12\/IMG-20251201-WA0159-136x102.jpg 136w, https:\/\/jornalvalenews.com.br\/wp-content\/uploads\/2025\/12\/IMG-20251201-WA0159.jpg 1920w\" sizes=\"(max-width: 700px) 100vw, 700px\" \/><\/p>\n","protected":false},"excerpt":{"rendered":"<p>Nesta segunda-feira, dia 01, sob a presid\u00eancia do vereador Glic\u00e9rio de Moraes Mendes Junior, foi realizada a 1\u00aa Sess\u00e3o Ordin\u00e1ria do m\u00eas de dezembro de 2025, destinada \u00e0 elei\u00e7\u00e3o da Mesa Diretora da C\u00e2mara Municipal de Ceres para o exerc\u00edcio de 2026. Foram eleitos: Juliano Garcia Rosa (presidente), Hugo S\u00e9rgio da Silva (vice-presidente), Reginaldo Liberato [&hellip;]<\/p>\n","protected":false},"author":1,"featured_media":4749,"comment_status":"open","ping_status":"open","sticky":false,"template":"","format":"standard","meta":{"om_disable_all_campaigns":false,"footnotes":"","jetpack_publicize_message":"","jetpack_publicize_feature_enabled":true,"jetpack_social_post_already_shared":true,"jetpack_social_options":{"image_generator_settings":{"template":"highway","enabled":false}}},"categories":[11,8,5,9],"tags":[],"jetpack_publicize_connections":[],"jetpack_sharing_enabled":true,"jetpack_featured_media_url":"https:\/\/jornalvalenews.com.br\/wp-content\/uploads\/2025\/12\/Mesa-Diretora-2026.jpg","_links":{"self":[{"href":"https:\/\/jornalvalenews.com.br\/index.php\/wp-json\/wp\/v2\/posts\/4747"}],"collection":[{"href":"https:\/\/jornalvalenews.com.br\/index.php\/wp-json\/wp\/v2\/posts"}],"about":[{"href":"https:\/\/jornalvalenews.com.br\/index.php\/wp-json\/wp\/v2\/types\/post"}],"author":[{"embeddable":true,"href":"https:\/\/jornalvalenews.com.br\/index.php\/wp-json\/wp\/v2\/users\/1"}],"replies":[{"embeddable":true,"href":"https:\/\/jornalvalenews.com.br\/index.php\/wp-json\/wp\/v2\/comments?post=4747"}],"version-history":[{"count":1,"href":"https:\/\/jornalvalenews.com.br\/index.php\/wp-json\/wp\/v2\/posts\/4747\/revisions"}],"predecessor-version":[{"id":4751,"href":"https:\/\/jornalvalenews.com.br\/index.php\/wp-json\/wp\/v2\/posts\/4747\/revisions\/4751"}],"wp:featuredmedia":[{"embeddable":true,"href":"https:\/\/jornalvalenews.com.br\/index.php\/wp-json\/wp\/v2\/media\/4749"}],"wp:attachment":[{"href":"https:\/\/jornalvalenews.com.br\/index.php\/wp-json\/wp\/v2\/media?parent=4747"}],"wp:term":[{"taxonomy":"category","embeddable":true,"href":"https:\/\/jornalvalenews.com.br\/index.php\/wp-json\/wp\/v2\/categories?post=4747"},{"taxonomy":"post_tag","embeddable":true,"href":"https:\/\/jornalvalenews.com.br\/index.php\/wp-json\/wp\/v2\/tags?post=4747"}],"curies":[{"name":"wp","href":"https:\/\/api.w.org\/{rel}","templated":true}]}}