{"id":4701,"date":"2025-11-29T15:36:49","date_gmt":"2025-11-29T18:36:49","guid":{"rendered":"https:\/\/jornalvalenews.com.br\/?p=4701"},"modified":"2025-11-29T15:36:49","modified_gmt":"2025-11-29T18:36:49","slug":"ultimo-dia-da-expo-jaragua-2025-movimentara-o-comercio-com-black-estendida-e-programacao-decisiva-neste-sabado-29","status":"publish","type":"post","link":"https:\/\/jornalvalenews.com.br\/index.php\/2025\/11\/29\/ultimo-dia-da-expo-jaragua-2025-movimentara-o-comercio-com-black-estendida-e-programacao-decisiva-neste-sabado-29\/","title":{"rendered":"\u00daltimo dia da Expo Jaragu\u00e1 2025 movimentar\u00e1 o com\u00e9rcio com Black estendida e programa\u00e7\u00e3o decisiva neste s\u00e1bado (29)"},"content":{"rendered":"<p class=\"s3\"><span class=\"s2\"><br \/>\n<\/span><a href=\"https:\/\/www.instagram.com\/acijaragua\" target=\"_blank\" rel=\"noopener\"><img loading=\"lazy\" decoding=\"async\" class=\"alignnone\" src=\"https:\/\/jornalvalenews.com.br\/wp-content\/uploads\/2025\/11\/95E517E6-2E2F-43AA-AE23-413BD3675B11.png\" alt=\"\" width=\"1080\" height=\"1350\" \/><\/a><\/p>\n<p>&nbsp;<\/p>\n<p class=\"s3\"><span class=\"s2\"><strong>A Expo Jaragu\u00e1 2025 chega ao seu \u00faltimo dia neste s\u00e1bado, 29 de novembro<\/strong>, com um ritmo ainda mais intenso e a expectativa de um p\u00fablico ainda maior. Os port\u00f5es abrem \u00e0s 17h, e a feira inicia sua reta final com estandes preparados para um dos dias mais fortes de vendas da edi\u00e7\u00e3o.<\/span><\/p>\n<p class=\"s3\"><span class=\"s2\"><strong>A Black da Expo, que j\u00e1 movimentou milhares de consumidores, foi estendida especialmente para hoje, reunindo pre\u00e7os mais baixos, combos especiais e condi\u00e7\u00f5es exclusivas que s\u00f3 valem enquanto a feira estiver aberta.<\/strong> Moda, cal\u00e7ados, acess\u00f3rios, itens de variedade e servi\u00e7os est\u00e3o com valores reduzidos e oportunidades que tendem a esgotar rapidamente. Expositores refor\u00e7aram equipes e abasteceram produtos com foco em giro r\u00e1pido \u2014 e o p\u00fablico j\u00e1 come\u00e7a a se mobilizar para aproveitar antes que as melhores ofertas acabem.<\/span><\/p>\n<p class=\"s3\"><span class=\"s2\">O clima de movimenta\u00e7\u00e3o intensa promete se manter durante toda a noite. A feira se tornou o principal destino de compra deste fim de semana, e os estandes registram fluxo alto desde a abertura dos port\u00f5es em dias anteriores. A organiza\u00e7\u00e3o estima que este s\u00e1bado seja o ponto m\u00e1ximo da edi\u00e7\u00e3o, com consumidores circulando pelos corredores em busca das \u00faltimas vantagens.<\/span><\/p>\n<p class=\"s3\"><span class=\"s2\"><strong>A programa\u00e7\u00e3o tamb\u00e9m contribui para manter o p\u00fablico dentro da Expo. \u00c0s 18h, ser\u00e1 transmitida a final da Copa Libertadores da Am\u00e9rica entre Palmeiras e Flamengo,<\/strong> garantindo grande concentra\u00e7\u00e3o de visitantes no espa\u00e7o. Em seguida, acontece a final do Festival Canta e Dan\u00e7a, categoria m\u00fasica, fechando a feira com apresenta\u00e7\u00f5es que costumam atrair grande plateia.<\/span><\/p>\n<p class=\"s3\"><span class=\"s2\">Com ofertas que n\u00e3o se repetem fora do evento, estrutura completa e atra\u00e7\u00f5es que mant\u00eam o movimento constante, este s\u00e1bado se firma como o dia mais estrat\u00e9gico para quem deseja comprar bem e aproveitar tudo o que a Expo Jaragu\u00e1 2025 oferece. <strong>\u00c9 o encerramento de uma edi\u00e7\u00e3o marcada por p\u00fablico forte, bons neg\u00f3cios e um com\u00e9rcio local ainda mais aquecido.<\/strong><\/span><\/p>\n","protected":false},"excerpt":{"rendered":"<p>&nbsp; A Expo Jaragu\u00e1 2025 chega ao seu \u00faltimo dia neste s\u00e1bado, 29 de novembro, com um ritmo ainda mais intenso e a expectativa de um p\u00fablico ainda maior. Os port\u00f5es abrem \u00e0s 17h, e a feira inicia sua reta final com estandes preparados para um dos dias mais fortes de vendas da edi\u00e7\u00e3o. A [&hellip;]<\/p>\n","protected":false},"author":1,"featured_media":4702,"comment_status":"open","ping_status":"open","sticky":false,"template":"","format":"standard","meta":{"om_disable_all_campaigns":false,"footnotes":"","jetpack_publicize_message":"","jetpack_publicize_feature_enabled":true,"jetpack_social_post_already_shared":true,"jetpack_social_options":{"image_generator_settings":{"template":"highway","enabled":false}}},"categories":[8,5,9],"tags":[774,775,245],"jetpack_publicize_connections":[],"jetpack_sharing_enabled":true,"jetpack_featured_media_url":"https:\/\/jornalvalenews.com.br\/wp-content\/uploads\/2025\/11\/Inserir-um-titulo-62.png","_links":{"self":[{"href":"https:\/\/jornalvalenews.com.br\/index.php\/wp-json\/wp\/v2\/posts\/4701"}],"collection":[{"href":"https:\/\/jornalvalenews.com.br\/index.php\/wp-json\/wp\/v2\/posts"}],"about":[{"href":"https:\/\/jornalvalenews.com.br\/index.php\/wp-json\/wp\/v2\/types\/post"}],"author":[{"embeddable":true,"href":"https:\/\/jornalvalenews.com.br\/index.php\/wp-json\/wp\/v2\/users\/1"}],"replies":[{"embeddable":true,"href":"https:\/\/jornalvalenews.com.br\/index.php\/wp-json\/wp\/v2\/comments?post=4701"}],"version-history":[{"count":1,"href":"https:\/\/jornalvalenews.com.br\/index.php\/wp-json\/wp\/v2\/posts\/4701\/revisions"}],"predecessor-version":[{"id":4715,"href":"https:\/\/jornalvalenews.com.br\/index.php\/wp-json\/wp\/v2\/posts\/4701\/revisions\/4715"}],"wp:featuredmedia":[{"embeddable":true,"href":"https:\/\/jornalvalenews.com.br\/index.php\/wp-json\/wp\/v2\/media\/4702"}],"wp:attachment":[{"href":"https:\/\/jornalvalenews.com.br\/index.php\/wp-json\/wp\/v2\/media?parent=4701"}],"wp:term":[{"taxonomy":"category","embeddable":true,"href":"https:\/\/jornalvalenews.com.br\/index.php\/wp-json\/wp\/v2\/categories?post=4701"},{"taxonomy":"post_tag","embeddable":true,"href":"https:\/\/jornalvalenews.com.br\/index.php\/wp-json\/wp\/v2\/tags?post=4701"}],"curies":[{"name":"wp","href":"https:\/\/api.w.org\/{rel}","templated":true}]}}