{"id":4674,"date":"2025-11-27T13:05:31","date_gmt":"2025-11-27T16:05:31","guid":{"rendered":"https:\/\/jornalvalenews.com.br\/?p=4674"},"modified":"2025-11-27T13:05:31","modified_gmt":"2025-11-27T16:05:31","slug":"expo-jaragua-2025-inicia-hoje-e-marca-momento-historico-para-a-economia-de-jaragua","status":"publish","type":"post","link":"https:\/\/jornalvalenews.com.br\/index.php\/2025\/11\/27\/expo-jaragua-2025-inicia-hoje-e-marca-momento-historico-para-a-economia-de-jaragua\/","title":{"rendered":"Expo Jaragu\u00e1 2025 inicia hoje e marca momento hist\u00f3rico para a economia de Jaragu\u00e1"},"content":{"rendered":"<p data-start=\"302\" data-end=\"618\">\n<p data-start=\"302\" data-end=\"618\"><a href=\"https:\/\/www.instagram.com\/acijaragua\" target=\"_blank\" rel=\"noopener\"><img loading=\"lazy\" decoding=\"async\" class=\"alignnone\" src=\"https:\/\/jornalvalenews.com.br\/wp-content\/uploads\/2025\/11\/95E517E6-2E2F-43AA-AE23-413BD3675B11.png\" alt=\"\" width=\"1080\" height=\"1350\" \/><\/a><\/p>\n<p data-start=\"302\" data-end=\"618\">\n<p data-start=\"302\" data-end=\"618\">Jaragu\u00e1 vive, <strong>a partir desta quinta-feira, 27 de novembro<\/strong>, um marco decisivo em seu desenvolvimento. Com <strong>abertura oficial \u00e0s 19h<\/strong>, a <strong>Expo Jaragu\u00e1 2025<\/strong> inicia suas atividades e transforma expectativas em realidade, colocando em evid\u00eancia a for\u00e7a econ\u00f4mica, o empreendedorismo e o potencial de crescimento do munic\u00edpio.<\/p>\n<p data-start=\"620\" data-end=\"824\"><strong>Mais do que uma feira de neg\u00f3cios, o evento representa uma virada de chave.<\/strong> Jaragu\u00e1 assume o protagonismo de sua pr\u00f3pria evolu\u00e7\u00e3o ao tornar vis\u00edveis e acess\u00edveis as oportunidades que movimentam a cidade.<\/p>\n<p data-start=\"826\" data-end=\"1114\">O <strong>prefeito Paulo Vitor Avelar<\/strong> destacou a import\u00e2ncia deste novo momento.<strong> \u201cA Expo Jaragu\u00e1 mostra que nossa cidade n\u00e3o espera pelo futuro: ela o constr\u00f3i.<\/strong> Aqui, ideias se transformam em neg\u00f3cios, e oportunidades geram empregos e crescimento para todos. \u00c9 uma virada hist\u00f3rica para Jaragu\u00e1.\u201d<\/p>\n<p data-start=\"1116\" data-end=\"1420\">A presidente da Associa\u00e7\u00e3o, <strong>Patr\u00edcia Machado<\/strong>, tamb\u00e9m ressaltou o impacto da feira para a economia local. <strong>\u201cEstamos reunindo empres\u00e1rios, investidores e empreendedores em um s\u00f3 lugar. A Expo n\u00e3o \u00e9 apenas uma feira: \u00e9 a demonstra\u00e7\u00e3o concreta do potencial de nossa cidade e do quanto podemos crescer juntos.\u201d<\/strong><\/p>\n<p data-start=\"1422\" data-end=\"1749\">Durante os pr\u00f3ximos tr\u00eas dias, empresas de diversos segmentos estar\u00e3o reunidas em um ambiente prop\u00edcio para networking, gera\u00e7\u00e3o de neg\u00f3cios e amplia\u00e7\u00e3o de mercado. <strong>O evento se firma como vitrine para quem atua no com\u00e9rcio, na ind\u00fastria e na presta\u00e7\u00e3o de servi\u00e7os,<\/strong> al\u00e9m de se tornar fonte de inspira\u00e7\u00e3o para novos investimentos.<\/p>\n<p data-start=\"1751\" data-end=\"1959\">A Expo Jaragu\u00e1 2025 refor\u00e7a que o desenvolvimento do munic\u00edpio \u00e9 realidade crescente e constru\u00edda diariamente. \u00c9 o resultado da confian\u00e7a de quem acredita no potencial de Jaragu\u00e1 e investe no futuro coletivo.<\/p>\n","protected":false},"excerpt":{"rendered":"<p>Jaragu\u00e1 vive, a partir desta quinta-feira, 27 de novembro, um marco decisivo em seu desenvolvimento. Com abertura oficial \u00e0s 19h, a Expo Jaragu\u00e1 2025 inicia suas atividades e transforma expectativas em realidade, colocando em evid\u00eancia a for\u00e7a econ\u00f4mica, o empreendedorismo e o potencial de crescimento do munic\u00edpio. Mais do que uma feira de neg\u00f3cios, o [&hellip;]<\/p>\n","protected":false},"author":1,"featured_media":4675,"comment_status":"open","ping_status":"open","sticky":false,"template":"","format":"standard","meta":{"om_disable_all_campaigns":false,"footnotes":"","jetpack_publicize_message":"","jetpack_publicize_feature_enabled":true,"jetpack_social_post_already_shared":true,"jetpack_social_options":{"image_generator_settings":{"template":"highway","enabled":false}}},"categories":[8,5,9],"tags":[774,775,245],"jetpack_publicize_connections":[],"jetpack_sharing_enabled":true,"jetpack_featured_media_url":"https:\/\/jornalvalenews.com.br\/wp-content\/uploads\/2025\/11\/Copia-de-21a-Semana-27.png","_links":{"self":[{"href":"https:\/\/jornalvalenews.com.br\/index.php\/wp-json\/wp\/v2\/posts\/4674"}],"collection":[{"href":"https:\/\/jornalvalenews.com.br\/index.php\/wp-json\/wp\/v2\/posts"}],"about":[{"href":"https:\/\/jornalvalenews.com.br\/index.php\/wp-json\/wp\/v2\/types\/post"}],"author":[{"embeddable":true,"href":"https:\/\/jornalvalenews.com.br\/index.php\/wp-json\/wp\/v2\/users\/1"}],"replies":[{"embeddable":true,"href":"https:\/\/jornalvalenews.com.br\/index.php\/wp-json\/wp\/v2\/comments?post=4674"}],"version-history":[{"count":1,"href":"https:\/\/jornalvalenews.com.br\/index.php\/wp-json\/wp\/v2\/posts\/4674\/revisions"}],"predecessor-version":[{"id":4676,"href":"https:\/\/jornalvalenews.com.br\/index.php\/wp-json\/wp\/v2\/posts\/4674\/revisions\/4676"}],"wp:featuredmedia":[{"embeddable":true,"href":"https:\/\/jornalvalenews.com.br\/index.php\/wp-json\/wp\/v2\/media\/4675"}],"wp:attachment":[{"href":"https:\/\/jornalvalenews.com.br\/index.php\/wp-json\/wp\/v2\/media?parent=4674"}],"wp:term":[{"taxonomy":"category","embeddable":true,"href":"https:\/\/jornalvalenews.com.br\/index.php\/wp-json\/wp\/v2\/categories?post=4674"},{"taxonomy":"post_tag","embeddable":true,"href":"https:\/\/jornalvalenews.com.br\/index.php\/wp-json\/wp\/v2\/tags?post=4674"}],"curies":[{"name":"wp","href":"https:\/\/api.w.org\/{rel}","templated":true}]}}