{"id":4636,"date":"2025-11-19T15:29:41","date_gmt":"2025-11-19T18:29:41","guid":{"rendered":"https:\/\/jornalvalenews.com.br\/?p=4636"},"modified":"2025-11-19T15:29:41","modified_gmt":"2025-11-19T18:29:41","slug":"camara-municipal-de-rianapolis-realiza-a-3a-sessao-ordinaria-de-novembro-de-2025-confira","status":"publish","type":"post","link":"https:\/\/jornalvalenews.com.br\/index.php\/2025\/11\/19\/camara-municipal-de-rianapolis-realiza-a-3a-sessao-ordinaria-de-novembro-de-2025-confira\/","title":{"rendered":"C\u00e2mara Municipal de Rian\u00e1polis realiza a 3\u00aa Sess\u00e3o Ordin\u00e1ria de novembro de 2025: confira"},"content":{"rendered":"<p>&nbsp;<\/p>\n<p><a href=\"https:\/\/www.instagram.com\/camararianapolis\/\" target=\"_blank\" rel=\"noopener\"><img loading=\"lazy\" decoding=\"async\" class=\"alignnone\" src=\"https:\/\/jornalvalenews.com.br\/wp-content\/uploads\/2025\/03\/camara-de-rianapolis-02.png\" alt=\"\" width=\"2140\" height=\"1783\" \/><\/a><\/p>\n<p>&nbsp;<\/p>\n<p>A <strong>C\u00e2mara Municipal de Rian\u00e1polis<\/strong> realizou, na noite desta ter\u00e7a-feira, 18 de novembro de 2025, a 3\u00aa Sess\u00e3o Ordin\u00e1ria do m\u00eas, presidida pelo vereador Bruno Bezerra de Lima. Estiveram presentes os vereadores Ac\u00e1cio Tostes, Ivone Rosa, Jouse Ribeiro, Lucas Menezes, Marcelo Martins, Sandra Alves, Sebasti\u00e3o Ferreira e Zilmar Ribeiro.<\/p>\n<p>A Ata da Sess\u00e3o Ordin\u00e1ria do dia 11 de novembro de 2025 foi colocada em aprecia\u00e7\u00e3o e aprovada por unanimidade, com 8 votos favor\u00e1veis.<\/p>\n<p><strong>Durante a sess\u00e3o, foi apresentado o Requerimento n\u00ba 020\/2025,<\/strong> de autoria dos vereadores Ivone Rosa, Lucas Menezes e Marcelo Martins. O documento solicita ao Poder Executivo a libera\u00e7\u00e3o de licen\u00e7a para os interessados em realizar vendas durante a 9\u00aa Copa Regional de Futsal e a 4\u00aa Copa Municipal de Empresas de Rian\u00e1polis, mediante pagamento da taxa estabelecida pela Prefeitura. O evento ocorrer\u00e1 entre 10 de janeiro e 7 de fevereiro de 2026. O requerimento foi aprovado por 8 votos a 0.<\/p>\n<p>Tamb\u00e9m foi registrado o recebimento do <strong>Of\u00edcio n\u00ba 136\/2025<\/strong>, informando a aprova\u00e7\u00e3o un\u00e2nime do requerimento verbal apresentado pelo vereador Marcelo Martins. O pedido solicita a instala\u00e7\u00e3o de ilumina\u00e7\u00e3o na entrada do Conselho Tutelar, considerando que a falta de luminosidade no local representa risco para conselheiros, servidores e cidad\u00e3os.<\/p>\n<p>Foram ainda lidos o <strong>Convite do Prefeito de Itapuranga<\/strong>, Paulinho Imila, para o encerramento da Copa Itapuranga de Futebol, marcado para o dia 30 de novembro, e o <strong>Of\u00edcio Circular n\u00ba 68\/2025, da FGM e AGM<\/strong>, convidando os vereadores para participarem do Encontro Anual de Gestores 2025, que ocorrer\u00e1 nos dias 3 e 4 de dezembro, em Goi\u00e2nia.<\/p>\n<p>A sess\u00e3o tamb\u00e9m registrou <strong>felicita\u00e7\u00f5es \u00e0 servidora Sheyla Ferreira<\/strong>, aniversariante do dia 17 de novembro, <strong>ao vereador Sebasti\u00e3o Ferreira<\/strong>, que celebra anivers\u00e1rio no dia 18, e ao <strong>vereador Bruno Bezerra de Lima<\/strong>, que comemora no dia 19.<\/p>\n<p><strong>A pr\u00f3xima Sess\u00e3o Ordin\u00e1ria foi marcada para o dia 25 de novembro de 2025, \u00e0s 19h30.<\/strong><\/p>\n","protected":false},"excerpt":{"rendered":"<p>&nbsp; &nbsp; A C\u00e2mara Municipal de Rian\u00e1polis realizou, na noite desta ter\u00e7a-feira, 18 de novembro de 2025, a 3\u00aa Sess\u00e3o Ordin\u00e1ria do m\u00eas, presidida pelo vereador Bruno Bezerra de Lima. Estiveram presentes os vereadores Ac\u00e1cio Tostes, Ivone Rosa, Jouse Ribeiro, Lucas Menezes, Marcelo Martins, Sandra Alves, Sebasti\u00e3o Ferreira e Zilmar Ribeiro. A Ata da Sess\u00e3o [&hellip;]<\/p>\n","protected":false},"author":1,"featured_media":4637,"comment_status":"open","ping_status":"open","sticky":false,"template":"","format":"standard","meta":{"om_disable_all_campaigns":false,"footnotes":"","jetpack_publicize_message":"","jetpack_publicize_feature_enabled":true,"jetpack_social_post_already_shared":true,"jetpack_social_options":{"image_generator_settings":{"template":"highway","enabled":false}}},"categories":[8,5,9],"tags":[600,230,660],"jetpack_publicize_connections":[],"jetpack_sharing_enabled":true,"jetpack_featured_media_url":"https:\/\/jornalvalenews.com.br\/wp-content\/uploads\/2025\/11\/Captura-de-Tela-2025-11-19-as-15.23.56.png","_links":{"self":[{"href":"https:\/\/jornalvalenews.com.br\/index.php\/wp-json\/wp\/v2\/posts\/4636"}],"collection":[{"href":"https:\/\/jornalvalenews.com.br\/index.php\/wp-json\/wp\/v2\/posts"}],"about":[{"href":"https:\/\/jornalvalenews.com.br\/index.php\/wp-json\/wp\/v2\/types\/post"}],"author":[{"embeddable":true,"href":"https:\/\/jornalvalenews.com.br\/index.php\/wp-json\/wp\/v2\/users\/1"}],"replies":[{"embeddable":true,"href":"https:\/\/jornalvalenews.com.br\/index.php\/wp-json\/wp\/v2\/comments?post=4636"}],"version-history":[{"count":1,"href":"https:\/\/jornalvalenews.com.br\/index.php\/wp-json\/wp\/v2\/posts\/4636\/revisions"}],"predecessor-version":[{"id":4638,"href":"https:\/\/jornalvalenews.com.br\/index.php\/wp-json\/wp\/v2\/posts\/4636\/revisions\/4638"}],"wp:featuredmedia":[{"embeddable":true,"href":"https:\/\/jornalvalenews.com.br\/index.php\/wp-json\/wp\/v2\/media\/4637"}],"wp:attachment":[{"href":"https:\/\/jornalvalenews.com.br\/index.php\/wp-json\/wp\/v2\/media?parent=4636"}],"wp:term":[{"taxonomy":"category","embeddable":true,"href":"https:\/\/jornalvalenews.com.br\/index.php\/wp-json\/wp\/v2\/categories?post=4636"},{"taxonomy":"post_tag","embeddable":true,"href":"https:\/\/jornalvalenews.com.br\/index.php\/wp-json\/wp\/v2\/tags?post=4636"}],"curies":[{"name":"wp","href":"https:\/\/api.w.org\/{rel}","templated":true}]}}