{"id":4600,"date":"2025-11-18T21:00:21","date_gmt":"2025-11-19T00:00:21","guid":{"rendered":"https:\/\/jornalvalenews.com.br\/?p=4600"},"modified":"2025-11-18T21:00:21","modified_gmt":"2025-11-19T00:00:21","slug":"e-amanha-rialma-promove-jornada-de-conhecimento-e-inclusao-com-evento-voltado-a-neurodiversidade","status":"publish","type":"post","link":"https:\/\/jornalvalenews.com.br\/index.php\/2025\/11\/18\/e-amanha-rialma-promove-jornada-de-conhecimento-e-inclusao-com-evento-voltado-a-neurodiversidade\/","title":{"rendered":"\u00c9 amanh\u00e3: Rialma promove jornada de conhecimento e inclus\u00e3o com evento voltado \u00e0 neurodiversidade"},"content":{"rendered":"<p data-start=\"258\" data-end=\"587\">\n<p data-start=\"258\" data-end=\"587\"><a href=\"https:\/\/api.whatsapp.com\/send?phone=5562998212725&amp;text=Ol%C3%A1,%20gostaria%20de%20falar%20com%20a%20secret%C3%A1ria%20do%20Dr.%20Paulo%20e%20Dra.%20Caroline\" target=\"_blank\" rel=\"noopener\"><img loading=\"lazy\" decoding=\"async\" class=\"alignnone\" src=\"https:\/\/jornalvalenews.com.br\/wp-content\/uploads\/2024\/08\/novo-gif-dr.-paulo.gif\" alt=\"\" width=\"800\" height=\"666\" \/><\/a><\/p>\n<p data-start=\"258\" data-end=\"587\">\n<p data-start=\"258\" data-end=\"587\"><strong>Rialma recebe, nesta quarta-feira, 19 de novembro, um evento inteiramente dedicado \u00e0 neurodiversidade<\/strong>, com foco em informa\u00e7\u00e3o, inclus\u00e3o e capacita\u00e7\u00e3o. A programa\u00e7\u00e3o acontece no Audit\u00f3rio da Prefeitura e re\u00fane especialistas que v\u00e3o abordar temas relacionados aos transtornos do neurodesenvolvimento e ao protagonismo das fam\u00edlias.<\/p>\n<p data-start=\"589\" data-end=\"694\">O encontro tem in\u00edcio \u00e0s 8h, com o credenciamento dos participantes, seguido da abertura oficial \u00e0s 8h30.<\/p>\n<p data-start=\"696\" data-end=\"1014\">\u00c0s 9h, o <strong>Dr. Leonardo Macedo ministra a palestra Transtornos Neurodivergentes<\/strong>, apresentando uma vis\u00e3o t\u00e9cnica e atualizada sobre o tema. Na sequ\u00eancia, \u00e0s 10h, <strong>a advogada e m\u00e3e at\u00edpica Larissa Lafaiete conduz a palestra A import\u00e2ncia do protagonismo na maternidade at\u00edpica<\/strong>, destacando viv\u00eancias e direitos das fam\u00edlias.<\/p>\n<p data-start=\"1016\" data-end=\"1216\">No per\u00edodo da tarde, das 13h \u00e0s 17h, o<strong> especialista Haullen Faria Lima realiza um minicurso sobre o Programa Integrado de Desenvolvimento F\u00edsico e Motor no TEA<\/strong>, com foco em profissionais e cuidadores.<\/p>\n<p data-start=\"1218\" data-end=\"1426\">O evento \u00e9 promovido pela <strong>Prefeitura de Rialma<\/strong>, por meio da Secretaria Municipal de Assist\u00eancia Social e do Centro Acolher, fortalecendo as a\u00e7\u00f5es de inclus\u00e3o e apoio \u00e0s fam\u00edlias neurodivergentes do munic\u00edpio.<\/p>\n","protected":false},"excerpt":{"rendered":"<p>Rialma recebe, nesta quarta-feira, 19 de novembro, um evento inteiramente dedicado \u00e0 neurodiversidade, com foco em informa\u00e7\u00e3o, inclus\u00e3o e capacita\u00e7\u00e3o. A programa\u00e7\u00e3o acontece no Audit\u00f3rio da Prefeitura e re\u00fane especialistas que v\u00e3o abordar temas relacionados aos transtornos do neurodesenvolvimento e ao protagonismo das fam\u00edlias. O encontro tem in\u00edcio \u00e0s 8h, com o credenciamento dos participantes, [&hellip;]<\/p>\n","protected":false},"author":1,"featured_media":4601,"comment_status":"open","ping_status":"open","sticky":false,"template":"","format":"standard","meta":{"om_disable_all_campaigns":false,"footnotes":"","jetpack_publicize_message":"","jetpack_publicize_feature_enabled":true,"jetpack_social_post_already_shared":true,"jetpack_social_options":{"image_generator_settings":{"template":"highway","enabled":false}}},"categories":[8,5,12,46,9],"tags":[243,711,740,56,34],"jetpack_publicize_connections":[],"jetpack_sharing_enabled":true,"jetpack_featured_media_url":"https:\/\/jornalvalenews.com.br\/wp-content\/uploads\/2025\/11\/Inserir-um-titulo-55.png","_links":{"self":[{"href":"https:\/\/jornalvalenews.com.br\/index.php\/wp-json\/wp\/v2\/posts\/4600"}],"collection":[{"href":"https:\/\/jornalvalenews.com.br\/index.php\/wp-json\/wp\/v2\/posts"}],"about":[{"href":"https:\/\/jornalvalenews.com.br\/index.php\/wp-json\/wp\/v2\/types\/post"}],"author":[{"embeddable":true,"href":"https:\/\/jornalvalenews.com.br\/index.php\/wp-json\/wp\/v2\/users\/1"}],"replies":[{"embeddable":true,"href":"https:\/\/jornalvalenews.com.br\/index.php\/wp-json\/wp\/v2\/comments?post=4600"}],"version-history":[{"count":1,"href":"https:\/\/jornalvalenews.com.br\/index.php\/wp-json\/wp\/v2\/posts\/4600\/revisions"}],"predecessor-version":[{"id":4602,"href":"https:\/\/jornalvalenews.com.br\/index.php\/wp-json\/wp\/v2\/posts\/4600\/revisions\/4602"}],"wp:featuredmedia":[{"embeddable":true,"href":"https:\/\/jornalvalenews.com.br\/index.php\/wp-json\/wp\/v2\/media\/4601"}],"wp:attachment":[{"href":"https:\/\/jornalvalenews.com.br\/index.php\/wp-json\/wp\/v2\/media?parent=4600"}],"wp:term":[{"taxonomy":"category","embeddable":true,"href":"https:\/\/jornalvalenews.com.br\/index.php\/wp-json\/wp\/v2\/categories?post=4600"},{"taxonomy":"post_tag","embeddable":true,"href":"https:\/\/jornalvalenews.com.br\/index.php\/wp-json\/wp\/v2\/tags?post=4600"}],"curies":[{"name":"wp","href":"https:\/\/api.w.org\/{rel}","templated":true}]}}