{"id":460,"date":"2024-05-09T11:56:35","date_gmt":"2024-05-09T14:56:35","guid":{"rendered":"https:\/\/jornalvalenews.com.br\/?p=460"},"modified":"2024-05-09T11:56:35","modified_gmt":"2024-05-09T14:56:35","slug":"camara-municipal-de-ceres-realiza-a-1a-sessao-ordinaria-do-mes-de-maio-de-2024-confira-o-que-foi-discutido-e-aprovado","status":"publish","type":"post","link":"https:\/\/jornalvalenews.com.br\/index.php\/2024\/05\/09\/camara-municipal-de-ceres-realiza-a-1a-sessao-ordinaria-do-mes-de-maio-de-2024-confira-o-que-foi-discutido-e-aprovado\/","title":{"rendered":"C\u00e2mara Municipal de Ceres realiza a 1\u00aa Sess\u00e3o Ordin\u00e1ria do m\u00eas de maio de 2024: confira o que foi discutido e aprovado"},"content":{"rendered":"<p>&nbsp;<\/p>\n<p><a href=\"https:\/\/camaraceres.go.gov.br\/\" target=\"_blank\" rel=\"noopener\"><img loading=\"lazy\" decoding=\"async\" class=\"aligncenter\" src=\"https:\/\/jornalvalenews.com.br\/wp-content\/uploads\/2024\/03\/anigif.gif\" alt=\"\" width=\"300\" height=\"256\" \/><\/a><\/p>\n<p>&nbsp;<\/p>\n<p>Na \u00faltima ter\u00e7a-feira, dia 07, foi realizada a 1\u00aa Sess\u00e3o Ordin\u00e1ria do m\u00eas de maio de 2024 da C\u00e2mara Municipal de Ceres, sob a presid\u00eancia do Vereador Frederico de Oliveira Santos.<\/p>\n<p>Eug\u00eanio de Gonzaga Peres fez uso da tribuna livre, apresentando o relat\u00f3rio das atividades realizadas e os resultados alcan\u00e7ados pela unidade local da Emater no munic\u00edpio de Ceres no ano de 2023.<\/p>\n<figure id=\"attachment_462\" aria-describedby=\"caption-attachment-462\" style=\"width: 700px\" class=\"wp-caption aligncenter\"><img loading=\"lazy\" decoding=\"async\" class=\" wp-image-462\" src=\"https:\/\/jornalvalenews.com.br\/wp-content\/uploads\/2024\/05\/DSC_1278-300x200.jpg\" alt=\"\" width=\"700\" height=\"466\" srcset=\"https:\/\/jornalvalenews.com.br\/wp-content\/uploads\/2024\/05\/DSC_1278-300x200.jpg 300w, https:\/\/jornalvalenews.com.br\/wp-content\/uploads\/2024\/05\/DSC_1278-1024x682.jpg 1024w, https:\/\/jornalvalenews.com.br\/wp-content\/uploads\/2024\/05\/DSC_1278-768x512.jpg 768w, https:\/\/jornalvalenews.com.br\/wp-content\/uploads\/2024\/05\/DSC_1278-1536x1024.jpg 1536w, https:\/\/jornalvalenews.com.br\/wp-content\/uploads\/2024\/05\/DSC_1278-2048x1365.jpg 2048w\" sizes=\"(max-width: 700px) 100vw, 700px\" \/><figcaption id=\"caption-attachment-462\" class=\"wp-caption-text\">Foto: Consuelo de La Cruz \/ Jornal Vale News<\/figcaption><\/figure>\n<p><strong>Na oportunidade foram apreciadas e votadas as seguintes mat\u00e9rias:<\/strong><\/p>\n<p>Mo\u00e7\u00e3o de Pesar pelo falecimento da Sr\u00aa. Maria Joaquina de Almeida.<\/p>\n<p>Mo\u00e7\u00e3o de Congratula\u00e7\u00e3o aos senhores: Edvan Corr\u00eaa Xavier; Eug\u00eanio de Gonzaga Peres; Nafitali Roberto Vaz e Elizeth Rabelo Tavares da Silva.<\/p>\n<figure id=\"attachment_463\" aria-describedby=\"caption-attachment-463\" style=\"width: 700px\" class=\"wp-caption aligncenter\"><img loading=\"lazy\" decoding=\"async\" class=\" wp-image-463\" src=\"https:\/\/jornalvalenews.com.br\/wp-content\/uploads\/2024\/05\/DSC_1294-300x200.jpg\" alt=\"\" width=\"700\" height=\"466\" srcset=\"https:\/\/jornalvalenews.com.br\/wp-content\/uploads\/2024\/05\/DSC_1294-300x200.jpg 300w, https:\/\/jornalvalenews.com.br\/wp-content\/uploads\/2024\/05\/DSC_1294-1024x682.jpg 1024w, https:\/\/jornalvalenews.com.br\/wp-content\/uploads\/2024\/05\/DSC_1294-768x512.jpg 768w, https:\/\/jornalvalenews.com.br\/wp-content\/uploads\/2024\/05\/DSC_1294-1536x1024.jpg 1536w, https:\/\/jornalvalenews.com.br\/wp-content\/uploads\/2024\/05\/DSC_1294-2048x1365.jpg 2048w\" sizes=\"(max-width: 700px) 100vw, 700px\" \/><figcaption id=\"caption-attachment-463\" class=\"wp-caption-text\">Foto: Consuelo de La Cruz \/ Jornal Vale News<\/figcaption><\/figure>\n<p><strong>Tamb\u00e9m foram apreciados e votados os seguintes requerimentos:<\/strong><\/p>\n<p><strong><u>N\u00ba.078\/2024:<\/u><\/strong> De autoria do vereador Juliano Garcia Rosa, que requer \u00e0 Secret\u00e1ria Municipal de Sa\u00fade e ao Chefe do Poder Executivo que, juntamente com a Dire\u00e7\u00e3o do Hospital S\u00e3o Pio X, encaminhe of\u00edcio ao L\u00edder do Governo, Deputado Talles Barreto, para que interceda junto ao Governador Ronaldo Caiado no sentido de viabilizar a instala\u00e7\u00e3o de leitos UTI &#8211; SUS de tratamento intensivo adulto e pedi\u00e1trico, fornecendo os equipamentos em regime de comodato, visto que, com a desmobiliza\u00e7\u00e3o dos Hospitais de Campanha (HCAMP)-COVID19 existem aparelhos ociosos e sabe-se do gargalo do Estado com a dificuldade de vagas em UTI.<\/p>\n<p><strong>Justificativa:<\/strong> O Hospital S\u00e3o Pio X disponibiliza da estrutura f\u00edsica para a implanta\u00e7\u00e3o dos leitos a serem requeridos, junto a demanda da regi\u00e3o.<\/p>\n<p><strong><u>N\u00ba.079\/2024:<\/u><\/strong> De autoria do vereador Gaspar Jos\u00e9 Alves, que requer ao Chefe do Poder Executivo e \u00e0 Secretaria de Obras e Desenvolvimento Urbano a possibilidade de fazer uma abertura no canteiro central da avenida Goi\u00e1s para facilitar o acesso \u00e0 rua Durval Martins de Lima, no setor Cruzeiro.<\/p>\n<p><strong>Justificativa:<\/strong> Esta medida se faz necess\u00e1rio devido \u00e0 dificuldade de acesso atualmente enfrentada pelos moradores e usu\u00e1rios da referida rua. A aus\u00eancia de um acesso direto tem gerado transtornos e riscos de acidentes, prejudicando o fluxo de ve\u00edculos e pedestres na regi\u00e3o.<\/p>\n<p><strong><u>N\u00ba.080\/2024:<\/u><\/strong> De autoria dos vereadores Juliano Garcia Rosa e S\u00e9rgio Ferreira dos Passos, que requerem junto \u00e0 Secretaria Municipal de Sa\u00fade a possibilidade de contrata\u00e7\u00e3o de profissional na \u00e1rea da sa\u00fade (m\u00e9dico urologista), para a sa\u00fade do homem.<\/p>\n<p><strong>Justificativa:<\/strong> No munic\u00edpio esse profissional n\u00e3o faz atendimento em hor\u00e1rios alternativos, ap\u00f3s \u00e0s 18h. Isso viabilizaria o acesso dos pacientes que n\u00e3o possuem tempo dispon\u00edvel durante o hor\u00e1rio de expediente e necessitam de cuidados especiais na \u00e1rea.<\/p>\n<p><strong><u>N\u00ba.081\/2024:<\/u><\/strong> De autoria dos vereadores S\u00e9rgio Ferreira dos Passos, Weder Rubens da Silva, Elian Bernadete de Faria Oliveira e Gaspar Jos\u00e9 Alves, que requerem ao Chefe do Executivo, \u00e0 Secretaria de Meio Ambiente e Saneamento (SEMMAS), Secretaria de Obras e Desenvolvimento Urbano e \u00e0 Secretaria de Infraestrutura que fa\u00e7am com extrema urg\u00eancia a manuten\u00e7\u00e3o da pra\u00e7a da Capela S\u00e3o Jos\u00e9, localizada na Av. Ministro Fernando Costa, esquina com a Av. Bernardo Say\u00e3o.<\/p>\n<p>Seguem as solicita\u00e7\u00f5es:<\/p>\n<ol>\n<li>Poda completa de \u00e1rvores e gramas na pra\u00e7a e nos canteiros da Av. Ministro Fernando Costa e o estudo para a substitui\u00e7\u00e3o das mesmas pela esp\u00e9cie <em>Ficus <\/em>para que n\u00e3o cause tanto impacto ao espa\u00e7o.<\/li>\n<li>Substitui\u00e7\u00e3o de l\u00e2mpadas queimadas tanto na pra\u00e7a da capela quanto nos canteiros da avenida.<\/li>\n<li>Coloca\u00e7\u00e3o de novos postes de ilumina\u00e7\u00e3o na pra\u00e7a da capela, j\u00e1 que os postes existentes est\u00e3o quebrados.<\/li>\n<li>Pintura de meio-fio e limpeza geral da pra\u00e7a.<\/li>\n<li>Possibilidade e estudo de um projeto de paisagismo para tornar o ambiente mais agrad\u00e1vel para moradores, transeuntes e frequentadores da capela.<\/li>\n<\/ol>\n<p><strong>Justificativa:<\/strong> A referida pra\u00e7a encontra-se com ilumina\u00e7\u00e3o deficiente, falta de limpeza e de cuidados que comprometem a seguran\u00e7a e o bem-estar dos frequentadores e moradores da regi\u00e3o.<\/p>\n<p><strong><u>N\u00ba.082\/2024:<\/u><\/strong> De autoria do vereador Reiller Seabra de Brito, que requer ao Chefe do Poder Executivo, \u00e0 Secretaria de Obras e desenvolvimento Urbano e \u00e0 Superintend\u00eancia Municipal de Tr\u00e2nsito a viabilidade para a instala\u00e7\u00e3o de um redutor de velocidade na rua \u00c1gua Limpa, quadra D &#8211;\u00a0 Lote 14-A, no Jardim Sorriso I.<\/p>\n<p><strong><u> N\u00ba.083\/2024:<\/u><\/strong> De autoria do vereador Reiller Seabra de Brito, que requer \u00e0 Secretaria de Administra\u00e7\u00e3o, \u00e0 Coordena\u00e7\u00e3o de Esportes e \u00e0 Secretaria de Obras e Desenvolvimento Urbano a necessidade da coloca\u00e7\u00e3o de um novo piso no espa\u00e7o pr\u00f3ximo ao campo sint\u00e9tico da pra\u00e7a do Jardim Sorriso II, para a pr\u00e1tica de aulas de zumba.<\/p>\n<p><strong>Justificativa: <\/strong>Considerando o crescente interesse da popula\u00e7\u00e3o em participar de atividades f\u00edsicas e sendo de extrema import\u00e2ncia investir em infraestrutura necess\u00e1ria para proporcionar um ambiente adequado e seguro para todos.<\/p>\n","protected":false},"excerpt":{"rendered":"<p>&nbsp; &nbsp; Na \u00faltima ter\u00e7a-feira, dia 07, foi realizada a 1\u00aa Sess\u00e3o Ordin\u00e1ria do m\u00eas de maio de 2024 da C\u00e2mara Municipal de Ceres, sob a presid\u00eancia do Vereador Frederico de Oliveira Santos. Eug\u00eanio de Gonzaga Peres fez uso da tribuna livre, apresentando o relat\u00f3rio das atividades realizadas e os resultados alcan\u00e7ados pela unidade local [&hellip;]<\/p>\n","protected":false},"author":1,"featured_media":461,"comment_status":"open","ping_status":"open","sticky":false,"template":"","format":"standard","meta":{"om_disable_all_campaigns":false,"footnotes":"","jetpack_publicize_message":"","jetpack_publicize_feature_enabled":true,"jetpack_social_post_already_shared":true,"jetpack_social_options":{"image_generator_settings":{"template":"highway","enabled":false}}},"categories":[11,8,5],"tags":[80,15,81,16],"jetpack_publicize_connections":[],"jetpack_sharing_enabled":true,"jetpack_featured_media_url":"https:\/\/jornalvalenews.com.br\/wp-content\/uploads\/2024\/05\/DSC_1309.jpg","_links":{"self":[{"href":"https:\/\/jornalvalenews.com.br\/index.php\/wp-json\/wp\/v2\/posts\/460"}],"collection":[{"href":"https:\/\/jornalvalenews.com.br\/index.php\/wp-json\/wp\/v2\/posts"}],"about":[{"href":"https:\/\/jornalvalenews.com.br\/index.php\/wp-json\/wp\/v2\/types\/post"}],"author":[{"embeddable":true,"href":"https:\/\/jornalvalenews.com.br\/index.php\/wp-json\/wp\/v2\/users\/1"}],"replies":[{"embeddable":true,"href":"https:\/\/jornalvalenews.com.br\/index.php\/wp-json\/wp\/v2\/comments?post=460"}],"version-history":[{"count":1,"href":"https:\/\/jornalvalenews.com.br\/index.php\/wp-json\/wp\/v2\/posts\/460\/revisions"}],"predecessor-version":[{"id":464,"href":"https:\/\/jornalvalenews.com.br\/index.php\/wp-json\/wp\/v2\/posts\/460\/revisions\/464"}],"wp:featuredmedia":[{"embeddable":true,"href":"https:\/\/jornalvalenews.com.br\/index.php\/wp-json\/wp\/v2\/media\/461"}],"wp:attachment":[{"href":"https:\/\/jornalvalenews.com.br\/index.php\/wp-json\/wp\/v2\/media?parent=460"}],"wp:term":[{"taxonomy":"category","embeddable":true,"href":"https:\/\/jornalvalenews.com.br\/index.php\/wp-json\/wp\/v2\/categories?post=460"},{"taxonomy":"post_tag","embeddable":true,"href":"https:\/\/jornalvalenews.com.br\/index.php\/wp-json\/wp\/v2\/tags?post=460"}],"curies":[{"name":"wp","href":"https:\/\/api.w.org\/{rel}","templated":true}]}}