{"id":4466,"date":"2025-10-28T10:40:07","date_gmt":"2025-10-28T13:40:07","guid":{"rendered":"https:\/\/jornalvalenews.com.br\/?p=4466"},"modified":"2025-10-28T10:40:07","modified_gmt":"2025-10-28T13:40:07","slug":"grave-acidente-no-trevo-de-uruana-deixa-motorista-preso-as-ferragens","status":"publish","type":"post","link":"https:\/\/jornalvalenews.com.br\/index.php\/2025\/10\/28\/grave-acidente-no-trevo-de-uruana-deixa-motorista-preso-as-ferragens\/","title":{"rendered":"Grave acidente no trevo de Uruana deixa motorista preso \u00e0s ferragens"},"content":{"rendered":"<p data-start=\"85\" data-end=\"261\">\n<p data-start=\"85\" data-end=\"261\"><a href=\"https:\/\/api.whatsapp.com\/send?phone=5562998212725&amp;text=Ol%C3%A1,%20gostaria%20de%20falar%20com%20a%20secret%C3%A1ria%20do%20Dr.%20Paulo%20e%20Dra.%20Caroline\" target=\"_blank\" rel=\"noopener\"><img loading=\"lazy\" decoding=\"async\" class=\"alignnone\" src=\"https:\/\/jornalvalenews.com.br\/wp-content\/uploads\/2024\/08\/novo-gif-dr.-paulo.gif\" alt=\"\" width=\"800\" height=\"666\" \/><\/a><\/p>\n<p data-start=\"85\" data-end=\"261\">\n<p data-start=\"85\" data-end=\"261\">Um grave acidente de tr\u00e2nsito foi registrado na noite desta <strong>segunda-feira, 27 de outubro<\/strong>, no trevo de acesso a <strong>Uruana<\/strong>, na GO-230, que liga o munic\u00edpio \u00e0 cidade de Rian\u00e1polis.<\/p>\n<p data-start=\"263\" data-end=\"455\">De acordo com informa\u00e7\u00f5es preliminares, a colis\u00e3o envolveu uma caminhonete Chevrolet S10 e um Volkswagen Voyage. O <strong>impacto foi violento<\/strong>, destruindo completamente a parte dianteira do Voyage.<\/p>\n<p data-start=\"457\" data-end=\"764\"><strong>O motorista do autom\u00f3vel ficou preso entre as ferragens<\/strong> e precisou ser resgatado por equipes de socorro, que atuaram rapidamente para remov\u00ea-lo do ve\u00edculo. Ap\u00f3s o resgate, ele foi encaminhado ao Hospital Municipal de Uruana. At\u00e9 o momento, n\u00e3o h\u00e1 informa\u00e7\u00f5es atualizadas sobre o estado de sa\u00fade da v\u00edtima.<\/p>\n<p data-start=\"766\" data-end=\"922\"><strong>A caminhonete S10 tamb\u00e9m sofreu grandes danos<\/strong> e saiu da pista ap\u00f3s a colis\u00e3o. O motorista do ve\u00edculo teve ferimentos leves e recebeu atendimento no local.<\/p>\n<p data-start=\"924\" data-end=\"1106\" data-is-last-node=\"\" data-is-only-node=\"\">A Pol\u00edcia Militar Rodovi\u00e1ria Estadual esteve no local para controlar o tr\u00e1fego e registrar a ocorr\u00eancia. As causas do acidente ainda ser\u00e3o investigadas pelas autoridades competentes.<\/p>\n<h3>Veja o v\u00eddeo:<a href=\"https:\/\/www.instagram.com\/jornalvalenews\/reel\/DQWte9XEbNm\/\" target=\"_blank\" rel=\"noopener\">\u00a0clique aqui!<\/a><\/h3>\n<h3>Voc\u00ea tem Instagram: siga o Jornal Vale News e fique por dentro das principais not\u00edcias.<\/h3>\n","protected":false},"excerpt":{"rendered":"<p>Um grave acidente de tr\u00e2nsito foi registrado na noite desta segunda-feira, 27 de outubro, no trevo de acesso a Uruana, na GO-230, que liga o munic\u00edpio \u00e0 cidade de Rian\u00e1polis. De acordo com informa\u00e7\u00f5es preliminares, a colis\u00e3o envolveu uma caminhonete Chevrolet S10 e um Volkswagen Voyage. O impacto foi violento, destruindo completamente a parte dianteira [&hellip;]<\/p>\n","protected":false},"author":1,"featured_media":4467,"comment_status":"open","ping_status":"open","sticky":false,"template":"","format":"standard","meta":{"om_disable_all_campaigns":false,"footnotes":"","jetpack_publicize_message":"","jetpack_publicize_feature_enabled":true,"jetpack_social_post_already_shared":true,"jetpack_social_options":{"image_generator_settings":{"template":"highway","enabled":false}}},"categories":[6,8,387,9],"tags":[],"jetpack_publicize_connections":[],"jetpack_sharing_enabled":true,"jetpack_featured_media_url":"https:\/\/jornalvalenews.com.br\/wp-content\/uploads\/2025\/10\/WhatsApp-Image-2025-10-28-at-10.30.31.jpeg","_links":{"self":[{"href":"https:\/\/jornalvalenews.com.br\/index.php\/wp-json\/wp\/v2\/posts\/4466"}],"collection":[{"href":"https:\/\/jornalvalenews.com.br\/index.php\/wp-json\/wp\/v2\/posts"}],"about":[{"href":"https:\/\/jornalvalenews.com.br\/index.php\/wp-json\/wp\/v2\/types\/post"}],"author":[{"embeddable":true,"href":"https:\/\/jornalvalenews.com.br\/index.php\/wp-json\/wp\/v2\/users\/1"}],"replies":[{"embeddable":true,"href":"https:\/\/jornalvalenews.com.br\/index.php\/wp-json\/wp\/v2\/comments?post=4466"}],"version-history":[{"count":1,"href":"https:\/\/jornalvalenews.com.br\/index.php\/wp-json\/wp\/v2\/posts\/4466\/revisions"}],"predecessor-version":[{"id":4468,"href":"https:\/\/jornalvalenews.com.br\/index.php\/wp-json\/wp\/v2\/posts\/4466\/revisions\/4468"}],"wp:featuredmedia":[{"embeddable":true,"href":"https:\/\/jornalvalenews.com.br\/index.php\/wp-json\/wp\/v2\/media\/4467"}],"wp:attachment":[{"href":"https:\/\/jornalvalenews.com.br\/index.php\/wp-json\/wp\/v2\/media?parent=4466"}],"wp:term":[{"taxonomy":"category","embeddable":true,"href":"https:\/\/jornalvalenews.com.br\/index.php\/wp-json\/wp\/v2\/categories?post=4466"},{"taxonomy":"post_tag","embeddable":true,"href":"https:\/\/jornalvalenews.com.br\/index.php\/wp-json\/wp\/v2\/tags?post=4466"}],"curies":[{"name":"wp","href":"https:\/\/api.w.org\/{rel}","templated":true}]}}