{"id":4460,"date":"2025-10-22T14:52:39","date_gmt":"2025-10-22T17:52:39","guid":{"rendered":"https:\/\/jornalvalenews.com.br\/?p=4460"},"modified":"2025-10-23T14:54:42","modified_gmt":"2025-10-23T17:54:42","slug":"camara-municipal-de-rianapolis-realiza-a-3a-sessao-ordinaria-de-outubro-de-2025-confira","status":"publish","type":"post","link":"https:\/\/jornalvalenews.com.br\/index.php\/2025\/10\/22\/camara-municipal-de-rianapolis-realiza-a-3a-sessao-ordinaria-de-outubro-de-2025-confira\/","title":{"rendered":"C\u00e2mara Municipal de Rian\u00e1polis realiza a 3\u00aa Sess\u00e3o Ordin\u00e1ria de outubro de 2025: confira"},"content":{"rendered":"<div>A 3\u00aa\u00a0 Sess\u00e3o Ordin\u00e1ria do m\u00eas de outubro de 2025 da <strong>C\u00e2mara Municipal de Rian\u00e1polis<\/strong> foi realizada na noite de ter\u00e7a-feira, 21 de outubro de 2025, na sede legislativa localizada na Pra\u00e7a Ant\u00f4nio de Morais, n\u00ba 393, Centro. A reuni\u00e3o tratou da leitura e vota\u00e7\u00e3o de mat\u00e9rias em pauta, da leitura de of\u00edcios e abriu espa\u00e7o para a tribuna livre e considera\u00e7\u00f5es finais dos vereadores.<\/div>\n<div><\/div>\n<div>Presen\u00e7as<\/div>\n<div><\/div>\n<div>Compareceram os vereadores Ac\u00e1cio Tostes, Ivone Rosa, Lucas Menezes, Marcelo Martins, Sandra Alves, Sebasti\u00e3o Ferreira e Zilmar Ribeiro. Houve aus\u00eancia justificada da vereadora Jouse Ribeiro.<\/div>\n<div><\/div>\n<div>Ordem do dia e vota\u00e7\u00f5es<\/div>\n<div><\/div>\n<div>Na ordem do dia constaram, entre outros itens:<\/div>\n<div>\u2022Leitura da ata da sess\u00e3o de 14\/10\/2025 \u2014 A ata foi colocada em aprecia\u00e7\u00e3o e aprovada pela totalidade dos presentes (7 a 0).<\/div>\n<div>\u20222\u00aa vota\u00e7\u00e3o do Projeto de Lei n\u00ba 020\/2025 (Prefeitura Municipal) \u2014 Considerando parecer favor\u00e1vel das comiss\u00f5es competentes, o projeto foi submetido \u00e0 segunda vota\u00e7\u00e3o e aprovado por 7 a 0. (Na sess\u00e3o anterior o Projeto de Lei n\u00ba 020\/2025 havia sido apresentado como o que \u201cautoriza o Poder Executivo Municipal a doar \u00e1reas de terras de sua propriedade \u00e0s fam\u00edlias do munic\u00edpio e d\u00e1 outras provid\u00eancias\u201d.)<\/div>\n<div>\u20222\u00aa vota\u00e7\u00e3o do Projeto de Decreto Legislativo n\u00ba 006\/2025 (de autoria dos vereadores Bruno Lima e Jouse Ribeiro) \u2014 Tamb\u00e9m com parecer favor\u00e1vel das comiss\u00f5es, o Decreto Legislativo n\u00ba 006\/2025 foi colocado em segunda vota\u00e7\u00e3o e aprovado por 7 a 0. (O projeto disp\u00f5e sobre a concess\u00e3o de Diploma de Honra ao M\u00e9rito a profissionais que atuam ou j\u00e1 atuaram na \u00e1rea da Sa\u00fade, em reconhecimento aos relevantes servi\u00e7os prestados ao munic\u00edpio.)<\/div>\n<div>\u2022Requerimento verbal \u2014 Foram apreciados requerimentos verbais que, quando apresentados, foram submetidos \u00e0 vota\u00e7\u00e3o e aprovados pelos presentes.<\/div>\n<div><\/div>\n<div>Leitura de of\u00edcios e comunica\u00e7\u00f5es<\/div>\n<div><\/div>\n<div>Foram lidos em plen\u00e1rio os seguintes of\u00edcios:<\/div>\n<div>\u2022Of\u00edcio n\u00ba 4227\/2025, encaminhado pelo Superintendente de Infraestrutura Rodovi\u00e1ria, Fernando de Freitas Bezerra. (O conte\u00fado espec\u00edfico foi registrado nos autos da sess\u00e3o.)<\/div>\n<div>\u2022Of\u00edcio n\u00ba 0197\/ORC\/GSVANDER (Senado Federal), enviado pelo gabinete do Senador Vanderlan Cardoso, datado de 17 de outubro de 2025. No documento, o senador informa recursos destinados ao munic\u00edpio de Rian\u00e1polis\/GO por meio de emendas parlamentares, totalizando R$ 380.000,00, distribu\u00eddos da seguinte forma:<\/div>\n<div>\u2022Prefeitura \u2014 Secretaria Municipal de Infraestrutura e Obras: R$ 280.000,00 (destinados, conforme o of\u00edcio, a aquisi\u00e7\u00e3o de caminh\u00e3o coletor e compactador de lixo \u2014 recurso vinculado a a\u00e7\u00f5es do CODEVASF, situa\u00e7\u00e3o: entregue);<\/div>\n<div>\u2022Prefeitura \u2014 Secretaria Municipal de Sa\u00fade: R$ 100.000,00 (custeio para atendimento \u00e0 COVID-19 \u2014 situa\u00e7\u00e3o: paga).<\/div>\n<div>O of\u00edcio solicita que a destina\u00e7\u00e3o desses recursos seja comunicada em sess\u00e3o plen\u00e1ria para ci\u00eancia dos vereadores.<\/div>\n<div><\/div>\n<div>Informes e convites<\/div>\n<div><\/div>\n<div>Durante as leituras da sess\u00e3o anterior (14\/10\/2025) foram mencionados convites encaminhados a vereadores para eventos, entre os quais:<\/div>\n<div>\u2022Convite da Emater Goi\u00e1s para o encerramento do evento \u201cAgro \u00e9 Social\u201d da regional do Vale S\u00e3o Patr\u00edcio, a ser realizado em 22 de outubro, a partir das 8h30, em Jaragu\u00e1 (GO).<\/div>\n<div>\u2022Convite para a cerim\u00f4nia de formatura da turma de T\u00e9cnico em Enfermagem de Rian\u00e1polis.<\/div>\n<div><\/div>\n<div>Tamb\u00e9m foi registrado, na sess\u00e3o de 14\/10\/2025, o Requerimento n\u00ba 019\/2025, de autoria dos vereadores Ac\u00e1cio Tostes, Bruno Lima, Jouse Ribeiro, Sandra Alves e Zilmar Ribeiro, que solicita ao Poder Executivo municipal estudo sobre a viabilidade, conveni\u00eancia e oportunidade de regulamentar a profiss\u00e3o de condutor de ambul\u00e2ncia, com vistas \u00e0 valoriza\u00e7\u00e3o desses profissionais no munic\u00edpio. Esse requerimento fora aprovado em sess\u00e3o anterior por 8 a 0.<\/div>\n<div><\/div>\n<div>Foi ainda informado o Parecer Final da Comiss\u00e3o de Finan\u00e7as, Or\u00e7amento, Tributa\u00e7\u00e3o e Fiscaliza\u00e7\u00e3o sobre as Presta\u00e7\u00f5es de Contas de Governo (Balan\u00e7o Geral) do Munic\u00edpio de Rian\u00e1polis relativas ao exerc\u00edcio de 2020 \u2014 cujo julgamento foi agendado para sess\u00e3o ordin\u00e1ria a realizar-se em 29 de outubro de 2025, ocasi\u00e3o em que o interessado ser\u00e1 notificado para apresenta\u00e7\u00e3o de defesa, se assim desejar.<\/div>\n<div><\/div>\n<div>Tribuna livre e considera\u00e7\u00f5es finais<\/div>\n<div><\/div>\n<div>A sess\u00e3o abriu espa\u00e7o para a tribuna livre, quando os vereadores puderam utilizar a palavra. Nas considera\u00e7\u00f5es finais, cada vereador teve at\u00e9 cinco minutos para manifesta\u00e7\u00f5es.<\/div>\n<div><\/div>\n<div>Encaminhamentos e pr\u00f3xima sess\u00e3o<\/div>\n<div><\/div>\n<div>N\u00e3o havendo mais assuntos a tratar, a pr\u00f3xima sess\u00e3o ordin\u00e1ria foi designada para 28 de outubro de 2025 (ter\u00e7a-feira), \u00e0s 19h30, na sede da C\u00e2mara Municipal de Rian\u00e1polis.<\/div>\n","protected":false},"excerpt":{"rendered":"<p>A 3\u00aa\u00a0 Sess\u00e3o Ordin\u00e1ria do m\u00eas de outubro de 2025 da C\u00e2mara Municipal de Rian\u00e1polis foi realizada na noite de ter\u00e7a-feira, 21 de outubro de 2025, na sede legislativa localizada na Pra\u00e7a Ant\u00f4nio de Morais, n\u00ba 393, Centro. A reuni\u00e3o tratou da leitura e vota\u00e7\u00e3o de mat\u00e9rias em pauta, da leitura de of\u00edcios e abriu [&hellip;]<\/p>\n","protected":false},"author":1,"featured_media":4461,"comment_status":"open","ping_status":"open","sticky":false,"template":"","format":"standard","meta":{"om_disable_all_campaigns":false,"footnotes":"","jetpack_publicize_message":"","jetpack_publicize_feature_enabled":true,"jetpack_social_post_already_shared":true,"jetpack_social_options":{"image_generator_settings":{"template":"highway","enabled":false}}},"categories":[8,5,9],"tags":[],"jetpack_publicize_connections":[],"jetpack_sharing_enabled":true,"jetpack_featured_media_url":"https:\/\/jornalvalenews.com.br\/wp-content\/uploads\/2025\/10\/Captura-de-Tela-2025-10-23-as-14.51.34.png","_links":{"self":[{"href":"https:\/\/jornalvalenews.com.br\/index.php\/wp-json\/wp\/v2\/posts\/4460"}],"collection":[{"href":"https:\/\/jornalvalenews.com.br\/index.php\/wp-json\/wp\/v2\/posts"}],"about":[{"href":"https:\/\/jornalvalenews.com.br\/index.php\/wp-json\/wp\/v2\/types\/post"}],"author":[{"embeddable":true,"href":"https:\/\/jornalvalenews.com.br\/index.php\/wp-json\/wp\/v2\/users\/1"}],"replies":[{"embeddable":true,"href":"https:\/\/jornalvalenews.com.br\/index.php\/wp-json\/wp\/v2\/comments?post=4460"}],"version-history":[{"count":1,"href":"https:\/\/jornalvalenews.com.br\/index.php\/wp-json\/wp\/v2\/posts\/4460\/revisions"}],"predecessor-version":[{"id":4462,"href":"https:\/\/jornalvalenews.com.br\/index.php\/wp-json\/wp\/v2\/posts\/4460\/revisions\/4462"}],"wp:featuredmedia":[{"embeddable":true,"href":"https:\/\/jornalvalenews.com.br\/index.php\/wp-json\/wp\/v2\/media\/4461"}],"wp:attachment":[{"href":"https:\/\/jornalvalenews.com.br\/index.php\/wp-json\/wp\/v2\/media?parent=4460"}],"wp:term":[{"taxonomy":"category","embeddable":true,"href":"https:\/\/jornalvalenews.com.br\/index.php\/wp-json\/wp\/v2\/categories?post=4460"},{"taxonomy":"post_tag","embeddable":true,"href":"https:\/\/jornalvalenews.com.br\/index.php\/wp-json\/wp\/v2\/tags?post=4460"}],"curies":[{"name":"wp","href":"https:\/\/api.w.org\/{rel}","templated":true}]}}