{"id":4453,"date":"2025-10-22T20:12:39","date_gmt":"2025-10-22T23:12:39","guid":{"rendered":"https:\/\/jornalvalenews.com.br\/?p=4453"},"modified":"2025-10-22T20:12:39","modified_gmt":"2025-10-22T23:12:39","slug":"rianapolis-marca-presenca-em-evento-do-programa-agro-e-social-em-jaragua","status":"publish","type":"post","link":"https:\/\/jornalvalenews.com.br\/index.php\/2025\/10\/22\/rianapolis-marca-presenca-em-evento-do-programa-agro-e-social-em-jaragua\/","title":{"rendered":"Rian\u00e1polis marca presen\u00e7a em evento do programa \u201cAgro \u00e9 Social\u201d em Jaragu\u00e1"},"content":{"rendered":"<p>&nbsp;<\/p>\n<p><a href=\"https:\/\/api.whatsapp.com\/send?phone=5562998212725&amp;text=Ol%C3%A1,%20gostaria%20de%20falar%20com%20a%20secret%C3%A1ria%20do%20Dr.%20Paulo%20e%20Dra.%20Caroline\" target=\"_blank\" rel=\"noopener\"><img loading=\"lazy\" decoding=\"async\" class=\"alignnone\" src=\"https:\/\/jornalvalenews.com.br\/wp-content\/uploads\/2024\/08\/novo-gif-dr.-paulo.gif\" alt=\"\" width=\"800\" height=\"666\" \/><\/a><\/p>\n<p>&nbsp;<\/p>\n<p>A <strong>primeira-dama Kelly Costa<\/strong> e o<strong> vice-prefeito Cristiano Fernandes<\/strong> acompanharam fam\u00edlias rianapolinas beneficiadas pela iniciativa do Governo de Goi\u00e1s.<\/p>\n<p>Na manh\u00e3 desta quarta-feira (22), a cidade de Jaragu\u00e1 sediou mais uma edi\u00e7\u00e3o do programa \u201cAgro \u00e9 Social\u201d, iniciativa do Governo de Goi\u00e1s que tem transformado a vida de milhares de fam\u00edlias em todo o Estado. O evento contou com a presen\u00e7a do vice-governador Daniel Vilela, do deputado estadual Lineu Ol\u00edmpio, al\u00e9m de prefeitos, vice-prefeitos, primeiras-damas, vereadores e lideran\u00e7as regionais.<\/p>\n<p><strong>Representando o munic\u00edpio de Rian\u00e1polis<\/strong>, estiveram presentes a primeira-dama e secret\u00e1ria de Assist\u00eancia Social, Kelly Costa, e o vice-prefeito Cristiano Rodrigues, que acompanharam de perto as fam\u00edlias rianapolinas contempladas pelo programa.<\/p>\n<p>Ao todo, mais de 700 fam\u00edlias da regi\u00e3o do Vale do S\u00e3o Patr\u00edcio foram beneficiadas, em um momento marcado por emo\u00e7\u00e3o, gratid\u00e3o e reconhecimento ao trabalho conjunto entre Estado e munic\u00edpios.<\/p>\n<p>Durante o evento, as autoridades ressaltaram a import\u00e2ncia do Agro \u00e9 Social como um projeto que leva dignidade, oportunidade e qualidade de vida \u00e0s fam\u00edlias goianas. Para a secret\u00e1ria Kelly Costa, a a\u00e7\u00e3o representa um avan\u00e7o importante:<\/p>\n<p>\u201c<strong>\u00c9 gratificante ver de perto o resultado de um trabalho que transforma realidades.<\/strong> O Agro \u00e9 Social fortalece as fam\u00edlias e refor\u00e7a a parceria entre o Governo de Goi\u00e1s e os munic\u00edpios, mostrando que o social e o desenvolvimento caminham juntos\u201d, destacou a primeira-dama e secret\u00e1ria Kelly Costa.<\/p>\n<p>O vice-prefeito Cristiano Rodrigues tamb\u00e9m enfatizou a import\u00e2ncia da parceria entre o Governo do Estado e as prefeituras:<\/p>\n<p>\u201cEssa uni\u00e3o \u00e9 fundamental para garantir mais resultados e oportunidades para o nosso povo. <strong>O Governo de Goi\u00e1s tem sido um grande parceiro de Rian\u00e1polis, e juntos estamos construindo um munic\u00edpio mais forte, justo e com mais qualidade de vida para todos<\/strong>\u201d, afirmou o vice-prefeito.<\/p>\n<p>O programa segue percorrendo o Estado, levando apoio, inclus\u00e3o e esperan\u00e7a para quem mais precisa, e reafirmando o compromisso do Governo de Goi\u00e1s com o bem-estar das fam\u00edlias e o fortalecimento das comunidades locais.<\/p>\n<p><img loading=\"lazy\" decoding=\"async\" class=\"wp-image-4455 aligncenter\" src=\"https:\/\/jornalvalenews.com.br\/wp-content\/uploads\/2025\/10\/WhatsApp-Image-2025-10-22-at-20.06.44-225x300.jpeg\" alt=\"\" width=\"700\" height=\"933\" srcset=\"https:\/\/jornalvalenews.com.br\/wp-content\/uploads\/2025\/10\/WhatsApp-Image-2025-10-22-at-20.06.44-225x300.jpeg 225w, https:\/\/jornalvalenews.com.br\/wp-content\/uploads\/2025\/10\/WhatsApp-Image-2025-10-22-at-20.06.44-768x1024.jpeg 768w, https:\/\/jornalvalenews.com.br\/wp-content\/uploads\/2025\/10\/WhatsApp-Image-2025-10-22-at-20.06.44-1152x1536.jpeg 1152w, https:\/\/jornalvalenews.com.br\/wp-content\/uploads\/2025\/10\/WhatsApp-Image-2025-10-22-at-20.06.44.jpeg 1200w\" sizes=\"(max-width: 700px) 100vw, 700px\" \/><\/p>\n<h4><strong>Leia tamb\u00e9m:<\/strong><\/h4>\n<blockquote class=\"wp-embedded-content\" data-secret=\"YJ5BGD2hvq\"><p><a href=\"https:\/\/jornalvalenews.com.br\/index.php\/2025\/10\/22\/o-boticario-ceres-celebra-reinauguracao-com-promocoes-e-dia-especial-para-os-clientes\/\">O Botic\u00e1rio Ceres celebra reinaugura\u00e7\u00e3o com promo\u00e7\u00f5es e dia especial para os clientes<\/a><\/p><\/blockquote>\n<p><iframe class=\"wp-embedded-content\" sandbox=\"allow-scripts\" security=\"restricted\" style=\"position: absolute; clip: rect(1px, 1px, 1px, 1px);\" title=\"&#8220;O Botic\u00e1rio Ceres celebra reinaugura\u00e7\u00e3o com promo\u00e7\u00f5es e dia especial para os clientes&#8221; &#8212; A not\u00edcia que vale mais\" src=\"https:\/\/jornalvalenews.com.br\/index.php\/2025\/10\/22\/o-boticario-ceres-celebra-reinauguracao-com-promocoes-e-dia-especial-para-os-clientes\/embed\/#?secret=eW6pIEdLpE#?secret=YJ5BGD2hvq\" data-secret=\"YJ5BGD2hvq\" width=\"600\" height=\"338\" frameborder=\"0\" marginwidth=\"0\" marginheight=\"0\" scrolling=\"no\"><\/iframe><\/p>\n","protected":false},"excerpt":{"rendered":"<p>&nbsp; &nbsp; A primeira-dama Kelly Costa e o vice-prefeito Cristiano Fernandes acompanharam fam\u00edlias rianapolinas beneficiadas pela iniciativa do Governo de Goi\u00e1s. Na manh\u00e3 desta quarta-feira (22), a cidade de Jaragu\u00e1 sediou mais uma edi\u00e7\u00e3o do programa \u201cAgro \u00e9 Social\u201d, iniciativa do Governo de Goi\u00e1s que tem transformado a vida de milhares de fam\u00edlias em todo [&hellip;]<\/p>\n","protected":false},"author":1,"featured_media":4454,"comment_status":"open","ping_status":"open","sticky":false,"template":"","format":"standard","meta":{"om_disable_all_campaigns":false,"footnotes":"","jetpack_publicize_message":"","jetpack_publicize_feature_enabled":true,"jetpack_social_post_already_shared":true,"jetpack_social_options":{"image_generator_settings":{"template":"highway","enabled":false}}},"categories":[8,5,9],"tags":[633,448,625,449,230],"jetpack_publicize_connections":[],"jetpack_sharing_enabled":true,"jetpack_featured_media_url":"https:\/\/jornalvalenews.com.br\/wp-content\/uploads\/2025\/10\/WhatsApp-Image-2025-10-22-at-20.06.44-1.jpeg","_links":{"self":[{"href":"https:\/\/jornalvalenews.com.br\/index.php\/wp-json\/wp\/v2\/posts\/4453"}],"collection":[{"href":"https:\/\/jornalvalenews.com.br\/index.php\/wp-json\/wp\/v2\/posts"}],"about":[{"href":"https:\/\/jornalvalenews.com.br\/index.php\/wp-json\/wp\/v2\/types\/post"}],"author":[{"embeddable":true,"href":"https:\/\/jornalvalenews.com.br\/index.php\/wp-json\/wp\/v2\/users\/1"}],"replies":[{"embeddable":true,"href":"https:\/\/jornalvalenews.com.br\/index.php\/wp-json\/wp\/v2\/comments?post=4453"}],"version-history":[{"count":1,"href":"https:\/\/jornalvalenews.com.br\/index.php\/wp-json\/wp\/v2\/posts\/4453\/revisions"}],"predecessor-version":[{"id":4456,"href":"https:\/\/jornalvalenews.com.br\/index.php\/wp-json\/wp\/v2\/posts\/4453\/revisions\/4456"}],"wp:featuredmedia":[{"embeddable":true,"href":"https:\/\/jornalvalenews.com.br\/index.php\/wp-json\/wp\/v2\/media\/4454"}],"wp:attachment":[{"href":"https:\/\/jornalvalenews.com.br\/index.php\/wp-json\/wp\/v2\/media?parent=4453"}],"wp:term":[{"taxonomy":"category","embeddable":true,"href":"https:\/\/jornalvalenews.com.br\/index.php\/wp-json\/wp\/v2\/categories?post=4453"},{"taxonomy":"post_tag","embeddable":true,"href":"https:\/\/jornalvalenews.com.br\/index.php\/wp-json\/wp\/v2\/tags?post=4453"}],"curies":[{"name":"wp","href":"https:\/\/api.w.org\/{rel}","templated":true}]}}