{"id":4435,"date":"2025-10-22T15:25:08","date_gmt":"2025-10-22T18:25:08","guid":{"rendered":"https:\/\/jornalvalenews.com.br\/?p=4435"},"modified":"2025-10-22T15:25:08","modified_gmt":"2025-10-22T18:25:08","slug":"camara-municipal-de-ceres-realiza-3a-sessao-ordinaria-de-outubro-e-aprova-importantes-requerimentos-confira","status":"publish","type":"post","link":"https:\/\/jornalvalenews.com.br\/index.php\/2025\/10\/22\/camara-municipal-de-ceres-realiza-3a-sessao-ordinaria-de-outubro-e-aprova-importantes-requerimentos-confira\/","title":{"rendered":"C\u00e2mara Municipal de Ceres realiza 3\u00aa Sess\u00e3o Ordin\u00e1ria de outubro e aprova importantes requerimentos: confira"},"content":{"rendered":"<p class=\"p1\"><span class=\"s1\">Na \u00faltima ter\u00e7a-feira, dia 21, foi realizada a 3\u00aa Sess\u00e3o Ordin\u00e1ria do m\u00eas de outubro de 2025 da C\u00e2mara Municipal de Ceres, presidida pelo vereador Glic\u00e9rio de Moraes Mendes J\u00fanior. <\/span><\/p>\n<p class=\"p1\"><span class=\"s1\">Na oportunidade, a Senhora Regislene Fernandes fez uso da <\/span><b>Tribuna Livre<\/b>.<\/p>\n<p><b>Tamb\u00e9m foram aprovados os seguintes requerimentos:<\/p>\n<p><\/b><b><\/b><span class=\"s2\"><b>N\u00ba. 227\/2025<\/b><\/span><b>: <\/b>De autoria dos vereadores Norvandi Angelo da Silva, Juliana Silveira, requerem ao Chefe do Poder Executivo Municipal e a Secret\u00e1ria de Infraestrutura, que seja realizada o servi\u00e7o de ro\u00e7agem e limpeza no barranco situado na avenida Bernardo Say\u00e3o, no setor Boa Vista.<\/p>\n<p class=\"p1\"><b>Justificativa<\/b>:<span class=\"Apple-converted-space\">\u00a0 <\/span>O local encontra-se com excesso de mato, o que tem causado transtorno e preocupa\u00e7\u00e3o aos moradores. Considerando que o per\u00edodo de chuva est\u00e1 prestes a iniciar, a vegeta\u00e7\u00e3o tende a crescer ainda mais r\u00e1pido agravando a situa\u00e7\u00e3o.<\/p>\n<p class=\"p3\"><span class=\"s2\"><b>N\u00ba. 228\/2025<\/b><\/span><b>: <\/b>De autoria do vereador Reginaldo Liberato de Azevedo, requer ao Chefe do Poder Executivo Municipal e \u00e0 Secretaria Municipal de Infraestrutura, em car\u00e1ter de urg\u00eancia, que seja realizada a reestrutura\u00e7\u00e3o das vias do Setor Bougainville, com especial aten\u00e7\u00e3o \u00e0s Ruas 200, 203, 204, 205, 206, Emanuel Sobrinho e Ernane Salgado. Solicita-se que seja realizados os seguintes servi\u00e7os:<\/p>\n<p class=\"p3\">&#8211; Limpeza das ruas;<\/p>\n<p class=\"p3\">&#8211; Opera\u00e7\u00e3o tapa-buracos;<\/p>\n<p class=\"p3\">&#8211; Reconstru\u00e7\u00e3o de sarjetas e limpezas dos bueiros.<\/p>\n<p class=\"p3\"><b>Justificativa: <\/b>Embora j\u00e1 tenha sido executado um trabalho de melhoria na via principal do setor, as demais ruas citadas permanecem em estado de abandono, necessitando urgentemente dos servi\u00e7os mencionados acima. A aus\u00eancia dessas interven\u00e7\u00f5es tem gerado in\u00fameros transtornos aos moradores, que h\u00e1 muito tempo aguardam a devida manuten\u00e7\u00e3o das vias p\u00fablicas.<\/p>\n<p class=\"p6\"><span class=\"s2\"><b>N\u00ba. 229\/2025<\/b><\/span><b>: <\/b>De autoria do vereador Juliano Garcia Rosa,<b> <\/b>requer<b> <\/b>ao Chefe do Poder Executivo e a Superintend\u00eancia Municipal de Tr\u00e2nsito, que seja realizada, em car\u00e1ter de URG\u00caNCIA, interven\u00e7\u00e3o t\u00e9cnica com estudos de engenharia de tr\u00e1fego e adequa\u00e7\u00e3o de sinaliza\u00e7\u00e3o vertical e horizontal no cruzamento da Rua \u00c1gua Limpa (Morada Verde) com a Avenida Gilberto Borges da Silva (Jardim Tropical), como medidas afetivas de preven\u00e7\u00e3o de acidentes.<\/p>\n<p class=\"p6\"><b>Justificativa:<\/b> O presente requerimento fundamenta-se no alarmante n\u00famero de acidentes ocorridos no referido cruzamento. A aus\u00eancia de sinaliza\u00e7\u00e3o adequada e medidas de controle de velocidade tem contribu\u00eddo para a ocorr\u00eancia frequente de colis\u00f5es, atropelamentos e congestionamentos, colocando em risco a vida e a integridade f\u00edsica dos cidad\u00e3os.<\/p>\n<p class=\"p3\"><span class=\"s2\"><b>N\u00ba. 230\/2025<\/b><\/span><b>: <\/b>De autoria dos vereadores Lucas Rodrigues de Melo, Hugo S\u00e9rgio da Silva, Reginaldo Liberato de Azevedo,<b> <\/b>requerem<b> <\/b>\u00e0 Secretaria Municipal de Tr\u00e2nsito, a realiza\u00e7\u00e3o de um Estudo T\u00e9cnico para a Implanta\u00e7\u00e3o de Estacionamento Rotativo de Curta Dura\u00e7\u00e3o, em frente a Farm\u00e1cias e Drogarias localizadas no Munic\u00edpio.<\/p>\n<p class=\"p3\"><b>Justificativa: <\/b>A presente medida visa melhorar a fluidez no tr\u00e2nsito e a acessibilidade nestes pontos de servi\u00e7o de sa\u00fade essenciais, especialmente em regi\u00f5es de alta densidade comercial. Garantir que as vagas em frente a farm\u00e1cias e drogarias sejam utilizadas por um maior n\u00famero de usu\u00e1rios ao longo do dia, coibindo o uso prolongado e indevido al\u00e9m de Facilitar o acesso r\u00e1pido e seguro de clientes, em especial idosos, pessoas com mobilidade reduzida ou em situa\u00e7\u00f5es de urg\u00eancia de sa\u00fade, que necessitam de vagas pr\u00f3ximas ao estabelecimento. Diminuindo o tempo de circula\u00e7\u00e3o de motoristas que procuram vagas, reduzindo o n\u00famero de paradas irregulares em fila dupla ou em locais proibidos, que s\u00e3o ocorr\u00eancias comuns nessas \u00e1reas de alto movimento.<\/p>\n<p><strong data-start=\"111\" data-end=\"153\">Acompanhe os trabalhos do Legislativo!<br \/>\n<\/strong><br data-start=\"153\" data-end=\"156\" \/>Siga a C\u00e2mara Municipal de Ceres no Instagram e fique por dentro de tudo que acontece nas sess\u00f5es e a\u00e7\u00f5es parlamentares: \ud83d\udc49 <a class=\"\" href=\"https:\/\/www.instagram.com\/camaramunicipaldeceres\/\" target=\"_blank\" rel=\"noopener\" data-start=\"282\" data-end=\"358\" data-is-last-node=\"\">@camaramunicipaldeceres<\/a><\/p>\n","protected":false},"excerpt":{"rendered":"<p>Na \u00faltima ter\u00e7a-feira, dia 21, foi realizada a 3\u00aa Sess\u00e3o Ordin\u00e1ria do m\u00eas de outubro de 2025 da C\u00e2mara Municipal de Ceres, presidida pelo vereador Glic\u00e9rio de Moraes Mendes J\u00fanior. Na oportunidade, a Senhora Regislene Fernandes fez uso da Tribuna Livre. Tamb\u00e9m foram aprovados os seguintes requerimentos: N\u00ba. 227\/2025: De autoria dos vereadores Norvandi Angelo [&hellip;]<\/p>\n","protected":false},"author":1,"featured_media":4436,"comment_status":"open","ping_status":"open","sticky":false,"template":"","format":"standard","meta":{"om_disable_all_campaigns":false,"footnotes":"","jetpack_publicize_message":"","jetpack_publicize_feature_enabled":true,"jetpack_social_post_already_shared":true,"jetpack_social_options":{"image_generator_settings":{"template":"highway","enabled":false}}},"categories":[11,8,5,9],"tags":[],"jetpack_publicize_connections":[],"jetpack_sharing_enabled":true,"jetpack_featured_media_url":"https:\/\/jornalvalenews.com.br\/wp-content\/uploads\/2025\/10\/Foto-Terceira-Sessao-outubro-2025.jpeg","_links":{"self":[{"href":"https:\/\/jornalvalenews.com.br\/index.php\/wp-json\/wp\/v2\/posts\/4435"}],"collection":[{"href":"https:\/\/jornalvalenews.com.br\/index.php\/wp-json\/wp\/v2\/posts"}],"about":[{"href":"https:\/\/jornalvalenews.com.br\/index.php\/wp-json\/wp\/v2\/types\/post"}],"author":[{"embeddable":true,"href":"https:\/\/jornalvalenews.com.br\/index.php\/wp-json\/wp\/v2\/users\/1"}],"replies":[{"embeddable":true,"href":"https:\/\/jornalvalenews.com.br\/index.php\/wp-json\/wp\/v2\/comments?post=4435"}],"version-history":[{"count":1,"href":"https:\/\/jornalvalenews.com.br\/index.php\/wp-json\/wp\/v2\/posts\/4435\/revisions"}],"predecessor-version":[{"id":4437,"href":"https:\/\/jornalvalenews.com.br\/index.php\/wp-json\/wp\/v2\/posts\/4435\/revisions\/4437"}],"wp:featuredmedia":[{"embeddable":true,"href":"https:\/\/jornalvalenews.com.br\/index.php\/wp-json\/wp\/v2\/media\/4436"}],"wp:attachment":[{"href":"https:\/\/jornalvalenews.com.br\/index.php\/wp-json\/wp\/v2\/media?parent=4435"}],"wp:term":[{"taxonomy":"category","embeddable":true,"href":"https:\/\/jornalvalenews.com.br\/index.php\/wp-json\/wp\/v2\/categories?post=4435"},{"taxonomy":"post_tag","embeddable":true,"href":"https:\/\/jornalvalenews.com.br\/index.php\/wp-json\/wp\/v2\/tags?post=4435"}],"curies":[{"name":"wp","href":"https:\/\/api.w.org\/{rel}","templated":true}]}}