{"id":4428,"date":"2025-10-21T17:35:56","date_gmt":"2025-10-21T20:35:56","guid":{"rendered":"https:\/\/jornalvalenews.com.br\/?p=4428"},"modified":"2025-10-21T17:36:23","modified_gmt":"2025-10-21T20:36:23","slug":"prefeito-gilber-miranda-participa-do-podcast-papo-de-prefeito-e-destaca-avancos-da-gestao-em-rianapolis","status":"publish","type":"post","link":"https:\/\/jornalvalenews.com.br\/index.php\/2025\/10\/21\/prefeito-gilber-miranda-participa-do-podcast-papo-de-prefeito-e-destaca-avancos-da-gestao-em-rianapolis\/","title":{"rendered":"Prefeito Gilber Miranda participa do podcast \u201cPapo de Prefeito\u201d e destaca avan\u00e7os da gest\u00e3o em Rian\u00e1polis"},"content":{"rendered":"<p>&nbsp;<\/p>\n<p><a href=\"https:\/\/api.whatsapp.com\/send?phone=5562998212725&amp;text=Ol%C3%A1,%20gostaria%20de%20falar%20com%20a%20secret%C3%A1ria%20do%20Dr.%20Paulo%20e%20Dra.%20Caroline\" target=\"_blank\" rel=\"noopener\"><img loading=\"lazy\" decoding=\"async\" class=\"alignnone\" src=\"https:\/\/jornalvalenews.com.br\/wp-content\/uploads\/2024\/08\/novo-gif-dr.-paulo.gif\" alt=\"\" width=\"800\" height=\"666\" \/><\/a><\/p>\n<p>&nbsp;<\/p>\n<p>O prefeito de Rian\u00e1polis, <strong>Gilber Miranda<\/strong>, participou em Goi\u00e2nia do <strong>podcast \u201cPapo de Prefeito\u201d<\/strong>, projeto oficial da Associa\u00e7\u00e3o Goiana de Munic\u00edpios (AGM) que re\u00fane gestores municipais para debater temas ligados \u00e0 gest\u00e3o p\u00fablica e ao desenvolvimento local.<\/p>\n<p>Ao lado do <strong>deputado estadual Talles Barreto<\/strong>, do <strong>presidente da AGM Jos\u00e9 D\u00e9lio<\/strong>, e do <strong>prefeito Tiago, de Pilar de Goi\u00e1s<\/strong>, Gilber teve a oportunidade de apresentar as <strong>principais conquistas e avan\u00e7os alcan\u00e7ados em Rian\u00e1polis nos \u00faltimos anos, destacando investimentos em sa\u00fade, educa\u00e7\u00e3o, infraestrutura e programas sociais<\/strong> que t\u00eam melhorado a qualidade de vida da popula\u00e7\u00e3o.<\/p>\n<p>Durante a grava\u00e7\u00e3o, o prefeito ressaltou a import\u00e2ncia de espa\u00e7os como o \u201cPapo de Prefeito\u201d para o fortalecimento do di\u00e1logo entre as gest\u00f5es municipais e o Governo do Estado.<\/p>\n<p><strong>\u201cEsses momentos de troca e aprendizado s\u00e3o fundamentais. \u00c9 uma oportunidade de mostrar o que Rian\u00e1polis tem feito de positivo, compartilhar experi\u00eancias e tamb\u00e9m buscar solu\u00e7\u00f5es conjuntas para os desafios dos munic\u00edpios\u201d,<\/strong> afirmou Gilber Miranda.<\/p>\n<p>O podcast apresentado pelo jornalista Leandro Coutinho \u00e9 uma iniciativa da AGM e refor\u00e7a a parceria da associa\u00e7\u00e3o com os munic\u00edpios goianos, promovendo o compartilhamento de boas pr\u00e1ticas e o fortalecimento das administra\u00e7\u00f5es locais.<\/p>\n<p><img loading=\"lazy\" decoding=\"async\" class=\"wp-image-4430 aligncenter\" src=\"https:\/\/jornalvalenews.com.br\/wp-content\/uploads\/2025\/10\/WhatsApp-Image-2025-10-21-at-17.18.29-1-300x298.jpeg\" alt=\"\" width=\"750\" height=\"745\" srcset=\"https:\/\/jornalvalenews.com.br\/wp-content\/uploads\/2025\/10\/WhatsApp-Image-2025-10-21-at-17.18.29-1-300x298.jpeg 300w, https:\/\/jornalvalenews.com.br\/wp-content\/uploads\/2025\/10\/WhatsApp-Image-2025-10-21-at-17.18.29-1-150x150.jpeg 150w, https:\/\/jornalvalenews.com.br\/wp-content\/uploads\/2025\/10\/WhatsApp-Image-2025-10-21-at-17.18.29-1-768x762.jpeg 768w, https:\/\/jornalvalenews.com.br\/wp-content\/uploads\/2025\/10\/WhatsApp-Image-2025-10-21-at-17.18.29-1.jpeg 1080w\" sizes=\"(max-width: 750px) 100vw, 750px\" \/><\/p>\n","protected":false},"excerpt":{"rendered":"<p>&nbsp; &nbsp; O prefeito de Rian\u00e1polis, Gilber Miranda, participou em Goi\u00e2nia do podcast \u201cPapo de Prefeito\u201d, projeto oficial da Associa\u00e7\u00e3o Goiana de Munic\u00edpios (AGM) que re\u00fane gestores municipais para debater temas ligados \u00e0 gest\u00e3o p\u00fablica e ao desenvolvimento local. Ao lado do deputado estadual Talles Barreto, do presidente da AGM Jos\u00e9 D\u00e9lio, e do prefeito [&hellip;]<\/p>\n","protected":false},"author":1,"featured_media":4429,"comment_status":"open","ping_status":"open","sticky":false,"template":"","format":"standard","meta":{"om_disable_all_campaigns":false,"footnotes":"","jetpack_publicize_message":"","jetpack_publicize_feature_enabled":true,"jetpack_social_post_already_shared":true,"jetpack_social_options":{"image_generator_settings":{"template":"highway","enabled":false}}},"categories":[8,5,9],"tags":[448,763,471,449],"jetpack_publicize_connections":[],"jetpack_sharing_enabled":true,"jetpack_featured_media_url":"https:\/\/jornalvalenews.com.br\/wp-content\/uploads\/2025\/10\/WhatsApp-Image-2025-10-21-at-17.18.29.jpeg","_links":{"self":[{"href":"https:\/\/jornalvalenews.com.br\/index.php\/wp-json\/wp\/v2\/posts\/4428"}],"collection":[{"href":"https:\/\/jornalvalenews.com.br\/index.php\/wp-json\/wp\/v2\/posts"}],"about":[{"href":"https:\/\/jornalvalenews.com.br\/index.php\/wp-json\/wp\/v2\/types\/post"}],"author":[{"embeddable":true,"href":"https:\/\/jornalvalenews.com.br\/index.php\/wp-json\/wp\/v2\/users\/1"}],"replies":[{"embeddable":true,"href":"https:\/\/jornalvalenews.com.br\/index.php\/wp-json\/wp\/v2\/comments?post=4428"}],"version-history":[{"count":2,"href":"https:\/\/jornalvalenews.com.br\/index.php\/wp-json\/wp\/v2\/posts\/4428\/revisions"}],"predecessor-version":[{"id":4432,"href":"https:\/\/jornalvalenews.com.br\/index.php\/wp-json\/wp\/v2\/posts\/4428\/revisions\/4432"}],"wp:featuredmedia":[{"embeddable":true,"href":"https:\/\/jornalvalenews.com.br\/index.php\/wp-json\/wp\/v2\/media\/4429"}],"wp:attachment":[{"href":"https:\/\/jornalvalenews.com.br\/index.php\/wp-json\/wp\/v2\/media?parent=4428"}],"wp:term":[{"taxonomy":"category","embeddable":true,"href":"https:\/\/jornalvalenews.com.br\/index.php\/wp-json\/wp\/v2\/categories?post=4428"},{"taxonomy":"post_tag","embeddable":true,"href":"https:\/\/jornalvalenews.com.br\/index.php\/wp-json\/wp\/v2\/tags?post=4428"}],"curies":[{"name":"wp","href":"https:\/\/api.w.org\/{rel}","templated":true}]}}