{"id":4294,"date":"2025-10-01T13:19:50","date_gmt":"2025-10-01T16:19:50","guid":{"rendered":"https:\/\/jornalvalenews.com.br\/?p=4294"},"modified":"2025-10-01T13:19:50","modified_gmt":"2025-10-01T16:19:50","slug":"dia-nacional-do-vereador-nossa-homenagem-aos-representantes-de-rianapolis","status":"publish","type":"post","link":"https:\/\/jornalvalenews.com.br\/index.php\/2025\/10\/01\/dia-nacional-do-vereador-nossa-homenagem-aos-representantes-de-rianapolis\/","title":{"rendered":"Dia Nacional do Vereador: nossa homenagem aos representantes de Rian\u00e1polis"},"content":{"rendered":"<p data-start=\"379\" data-end=\"779\">\n<p data-start=\"379\" data-end=\"779\"><a href=\"https:\/\/www.instagram.com\/camararianapolis\/\" target=\"_blank\" rel=\"noopener\"><img loading=\"lazy\" decoding=\"async\" class=\"alignnone\" src=\"https:\/\/jornalvalenews.com.br\/wp-content\/uploads\/2025\/03\/camara-de-rianapolis-02.png\" alt=\"\" width=\"2140\" height=\"1783\" \/><\/a><\/p>\n<p data-start=\"379\" data-end=\"779\">\n<p data-start=\"379\" data-end=\"779\">Nesta quarta-feira, <strong data-start=\"399\" data-end=\"416\">1\u00ba de outubro<\/strong>, comemora-se o <strong data-start=\"432\" data-end=\"460\">Dia Nacional do Vereador<\/strong>, uma data que reconhece o papel fundamental desses representantes na constru\u00e7\u00e3o e fortalecimento da democracia. O <strong data-start=\"575\" data-end=\"595\">Jornal Vale News<\/strong> presta sua homenagem a todos os membros da <strong data-start=\"639\" data-end=\"673\">C\u00e2mara Municipal de Rian\u00e1polis<\/strong>, institui\u00e7\u00e3o que tem desempenhado um papel essencial para o desenvolvimento da cidade nos \u00faltimos anos.<\/p>\n<p data-start=\"781\" data-end=\"1236\">Sob a presid\u00eancia do vereador <strong data-start=\"811\" data-end=\"836\">Bruno Bezerra de Lima<\/strong>, a C\u00e2mara tem se consolidado como um espa\u00e7o de di\u00e1logo, fiscaliza\u00e7\u00e3o e cria\u00e7\u00e3o de leis que impactam diretamente a vida da popula\u00e7\u00e3o. Ao lado dele, comp\u00f5em o Legislativo municipal os vereadores: <strong data-start=\"1031\" data-end=\"1233\">Ac\u00e1cio Andrade Tostes, Jouse Ribeiro Pereira, Zilmar Aparecido Ribeiro, Sebasti\u00e3o Ferreira da Cruz, Ivone Rosa de Paiva Andrade, Lucas Menezes da Silva, Marcelo Martins Silva e Sandra Alves de Souza<\/strong>.<\/p>\n<p data-start=\"1238\" data-end=\"1435\">A atua\u00e7\u00e3o conjunta desses parlamentares tem contribu\u00eddo para que Rian\u00e1polis alcance conquistas importantes e siga como uma cidade emergente, que busca constantemente melhorias para seus cidad\u00e3os.<\/p>\n<p data-start=\"1437\" data-end=\"1660\">Neste <strong data-start=\"1443\" data-end=\"1471\">Dia Nacional do Vereador<\/strong>, o <strong data-start=\"1475\" data-end=\"1495\">Jornal Vale News<\/strong> reconhece e parabeniza o trabalho realizado por cada parlamentar rianapolino, que com dedica\u00e7\u00e3o e compromisso fortalece o elo entre a popula\u00e7\u00e3o e o poder p\u00fablico.<\/p>\n<p data-start=\"1662\" data-end=\"1854\">Em nome do presidente <strong data-start=\"1684\" data-end=\"1709\">Bruno Bezerra de Lima<\/strong>, estendemos nossos parab\u00e9ns a todos os vereadores de Rian\u00e1polis por sua atua\u00e7\u00e3o e por representarem com seriedade os interesses da comunidade.<\/p>\n<h3 data-start=\"1115\" data-end=\"1400\">Voc\u00ea tem Instagram?! Siga o perfil do Jornal Vale News e fique por dentro das principais not\u00edcias:\u00a0<a href=\"https:\/\/www.instagram.com\/jornalvalenews\/\" target=\"_blank\" rel=\"noopener\"><strong>clique aqui!<\/strong><\/a><\/h3>\n","protected":false},"excerpt":{"rendered":"<p>Nesta quarta-feira, 1\u00ba de outubro, comemora-se o Dia Nacional do Vereador, uma data que reconhece o papel fundamental desses representantes na constru\u00e7\u00e3o e fortalecimento da democracia. O Jornal Vale News presta sua homenagem a todos os membros da C\u00e2mara Municipal de Rian\u00e1polis, institui\u00e7\u00e3o que tem desempenhado um papel essencial para o desenvolvimento da cidade nos [&hellip;]<\/p>\n","protected":false},"author":1,"featured_media":4295,"comment_status":"open","ping_status":"open","sticky":false,"template":"","format":"standard","meta":{"om_disable_all_campaigns":false,"footnotes":"","jetpack_publicize_message":"","jetpack_publicize_feature_enabled":true,"jetpack_social_post_already_shared":true,"jetpack_social_options":{"image_generator_settings":{"template":"highway","enabled":false}}},"categories":[8,5,9],"tags":[524,600,230],"jetpack_publicize_connections":[],"jetpack_sharing_enabled":true,"jetpack_featured_media_url":"https:\/\/jornalvalenews.com.br\/wp-content\/uploads\/2025\/10\/Inserir-um-titulo-30.png","_links":{"self":[{"href":"https:\/\/jornalvalenews.com.br\/index.php\/wp-json\/wp\/v2\/posts\/4294"}],"collection":[{"href":"https:\/\/jornalvalenews.com.br\/index.php\/wp-json\/wp\/v2\/posts"}],"about":[{"href":"https:\/\/jornalvalenews.com.br\/index.php\/wp-json\/wp\/v2\/types\/post"}],"author":[{"embeddable":true,"href":"https:\/\/jornalvalenews.com.br\/index.php\/wp-json\/wp\/v2\/users\/1"}],"replies":[{"embeddable":true,"href":"https:\/\/jornalvalenews.com.br\/index.php\/wp-json\/wp\/v2\/comments?post=4294"}],"version-history":[{"count":1,"href":"https:\/\/jornalvalenews.com.br\/index.php\/wp-json\/wp\/v2\/posts\/4294\/revisions"}],"predecessor-version":[{"id":4296,"href":"https:\/\/jornalvalenews.com.br\/index.php\/wp-json\/wp\/v2\/posts\/4294\/revisions\/4296"}],"wp:featuredmedia":[{"embeddable":true,"href":"https:\/\/jornalvalenews.com.br\/index.php\/wp-json\/wp\/v2\/media\/4295"}],"wp:attachment":[{"href":"https:\/\/jornalvalenews.com.br\/index.php\/wp-json\/wp\/v2\/media?parent=4294"}],"wp:term":[{"taxonomy":"category","embeddable":true,"href":"https:\/\/jornalvalenews.com.br\/index.php\/wp-json\/wp\/v2\/categories?post=4294"},{"taxonomy":"post_tag","embeddable":true,"href":"https:\/\/jornalvalenews.com.br\/index.php\/wp-json\/wp\/v2\/tags?post=4294"}],"curies":[{"name":"wp","href":"https:\/\/api.w.org\/{rel}","templated":true}]}}