{"id":4088,"date":"2025-08-20T19:14:00","date_gmt":"2025-08-20T22:14:00","guid":{"rendered":"https:\/\/jornalvalenews.com.br\/?p=4088"},"modified":"2025-08-21T19:18:46","modified_gmt":"2025-08-21T22:18:46","slug":"camara-municipal-de-rianapolis-realiza-4a-sessao-ordinaria-de-agosto-confira","status":"publish","type":"post","link":"https:\/\/jornalvalenews.com.br\/index.php\/2025\/08\/20\/camara-municipal-de-rianapolis-realiza-4a-sessao-ordinaria-de-agosto-confira\/","title":{"rendered":"C\u00e2mara Municipal de Rian\u00e1polis realiza 4\u00aa sess\u00e3o ordin\u00e1ria de agosto: confira"},"content":{"rendered":"<div><\/div>\n<div><a href=\"https:\/\/www.instagram.com\/camararianapolis\/\" target=\"_blank\" rel=\"noopener\"><img loading=\"lazy\" decoding=\"async\" class=\"alignnone\" src=\"https:\/\/jornalvalenews.com.br\/wp-content\/uploads\/2025\/03\/camara-de-rianapolis-02.png\" alt=\"\" width=\"2140\" height=\"1783\" \/><\/a><\/div>\n<div><\/div>\n<div><\/div>\n<div>A C\u00e2mara Municipal de Rian\u00e1polis realizou, no dia 19 de agosto de 2025, a quarta sess\u00e3o ordin\u00e1ria do m\u00eas. A reuni\u00e3o contou com a presen\u00e7a dos vereadores Bruno Bezerra de Lima, Ac\u00e1cio Tostes, Ivone Rosa, Jouse Ribeiro, Lucas Menezes, Marcelo Martins, Sandra Alves, Sebasti\u00e3o Ferreira e Zilmar Ribeiro, garantindo o qu\u00f3rum necess\u00e1rio para a delibera\u00e7\u00e3o das mat\u00e9rias.<\/div>\n<div><\/div>\n<div>Durante a sess\u00e3o, foram apreciadas e aprovadas em segunda vota\u00e7\u00e3o o Projeto de Lei n\u00ba 013\/2025, de autoria do Poder Executivo, e o Projeto de Resolu\u00e7\u00e3o n\u00ba 001\/2025.<\/div>\n<div><\/div>\n<div>Tamb\u00e9m foi apresentado e aprovado o Requerimento n\u00ba 014\/2025, de autoria dos vereadores Lucas Menezes da Silva, Marcelo Martins Silva e Ivone Rosa de Paiva, solicitando a constru\u00e7\u00e3o de dois quebra-molas na Avenida Bernardo Say\u00e3o \u2013 um ap\u00f3s a ponte, sentido Setor Pedro de Castro, e outro pr\u00f3ximo \u00e0 resid\u00eancia do senhor Wanderson Albino (conhecido como Coxinha). A justificativa para o pedido foi o excesso de velocidade registrado no local, que coloca em risco pedestres que utilizam a via diariamente.<\/div>\n<div><\/div>\n<div>Al\u00e9m disso, foram lidas mat\u00e9rias importantes para an\u00e1lise das comiss\u00f5es competentes, entre elas:<\/div>\n<div>\u2022Projeto de Lei n\u00ba 014\/2025, que autoriza o Poder Executivo Municipal a doar \u00e1reas de terras de sua propriedade a fam\u00edlias do munic\u00edpio, no \u00e2mbito do programa Pra Ter Onde Morar \u2013 modalidade Constru\u00e7\u00e3o, voltado para pessoas com renda de 0 a 1 sal\u00e1rio m\u00ednimo;<\/div>\n<div>\u2022Projeto de Decreto Legislativo n\u00ba 003\/2025, de autoria dos vereadores Bruno Bezerra de Lima e Sebasti\u00e3o Ferreira da Cruz, que disp\u00f5e sobre a concess\u00e3o de Diploma de Honra ao M\u00e9rito a Policiais Militares, da reserva e da ativa, pelos relevantes servi\u00e7os prestados ao munic\u00edpio de Rian\u00e1polis.<\/div>\n<div><\/div>\n<div>Tamb\u00e9m foram lidos os of\u00edcios n\u00ba 141\/2025 e n\u00ba 142\/2025, em resposta a requerimentos anteriores dos vereadores Marcelo Martins e Ivone Rosa, respectivamente.<\/div>\n<div><\/div>\n<div>A pr\u00f3xima sess\u00e3o ordin\u00e1ria est\u00e1 marcada para 26 de agosto de 2025, \u00e0s 19h30, no plen\u00e1rio da C\u00e2mara Municipal.<\/div>\n","protected":false},"excerpt":{"rendered":"<p>A C\u00e2mara Municipal de Rian\u00e1polis realizou, no dia 19 de agosto de 2025, a quarta sess\u00e3o ordin\u00e1ria do m\u00eas. A reuni\u00e3o contou com a presen\u00e7a dos vereadores Bruno Bezerra de Lima, Ac\u00e1cio Tostes, Ivone Rosa, Jouse Ribeiro, Lucas Menezes, Marcelo Martins, Sandra Alves, Sebasti\u00e3o Ferreira e Zilmar Ribeiro, garantindo o qu\u00f3rum necess\u00e1rio para a delibera\u00e7\u00e3o [&hellip;]<\/p>\n","protected":false},"author":1,"featured_media":4090,"comment_status":"open","ping_status":"open","sticky":false,"template":"","format":"standard","meta":{"om_disable_all_campaigns":false,"footnotes":"","jetpack_publicize_message":"","jetpack_publicize_feature_enabled":true,"jetpack_social_post_already_shared":true,"jetpack_social_options":{"image_generator_settings":{"template":"highway","enabled":false}}},"categories":[8,5,255],"tags":[],"jetpack_publicize_connections":[],"jetpack_sharing_enabled":true,"jetpack_featured_media_url":"https:\/\/jornalvalenews.com.br\/wp-content\/uploads\/2025\/08\/Captura-de-Tela-2025-08-21-as-19.15.43.png","_links":{"self":[{"href":"https:\/\/jornalvalenews.com.br\/index.php\/wp-json\/wp\/v2\/posts\/4088"}],"collection":[{"href":"https:\/\/jornalvalenews.com.br\/index.php\/wp-json\/wp\/v2\/posts"}],"about":[{"href":"https:\/\/jornalvalenews.com.br\/index.php\/wp-json\/wp\/v2\/types\/post"}],"author":[{"embeddable":true,"href":"https:\/\/jornalvalenews.com.br\/index.php\/wp-json\/wp\/v2\/users\/1"}],"replies":[{"embeddable":true,"href":"https:\/\/jornalvalenews.com.br\/index.php\/wp-json\/wp\/v2\/comments?post=4088"}],"version-history":[{"count":1,"href":"https:\/\/jornalvalenews.com.br\/index.php\/wp-json\/wp\/v2\/posts\/4088\/revisions"}],"predecessor-version":[{"id":4091,"href":"https:\/\/jornalvalenews.com.br\/index.php\/wp-json\/wp\/v2\/posts\/4088\/revisions\/4091"}],"wp:featuredmedia":[{"embeddable":true,"href":"https:\/\/jornalvalenews.com.br\/index.php\/wp-json\/wp\/v2\/media\/4090"}],"wp:attachment":[{"href":"https:\/\/jornalvalenews.com.br\/index.php\/wp-json\/wp\/v2\/media?parent=4088"}],"wp:term":[{"taxonomy":"category","embeddable":true,"href":"https:\/\/jornalvalenews.com.br\/index.php\/wp-json\/wp\/v2\/categories?post=4088"},{"taxonomy":"post_tag","embeddable":true,"href":"https:\/\/jornalvalenews.com.br\/index.php\/wp-json\/wp\/v2\/tags?post=4088"}],"curies":[{"name":"wp","href":"https:\/\/api.w.org\/{rel}","templated":true}]}}