{"id":4054,"date":"2025-08-13T16:14:19","date_gmt":"2025-08-13T19:14:19","guid":{"rendered":"https:\/\/jornalvalenews.com.br\/?p=4054"},"modified":"2025-08-13T16:15:32","modified_gmt":"2025-08-13T19:15:32","slug":"camara-municipal-de-ceres-realiza-a-2a-sessao-ordinaria-de-agosto-de-2025-e-aprova-importantes-pautas-confira","status":"publish","type":"post","link":"https:\/\/jornalvalenews.com.br\/index.php\/2025\/08\/13\/camara-municipal-de-ceres-realiza-a-2a-sessao-ordinaria-de-agosto-de-2025-e-aprova-importantes-pautas-confira\/","title":{"rendered":"C\u00e2mara Municipal de Ceres realiza a 2\u00aa Sess\u00e3o Ordin\u00e1ria de agosto de 2025 e aprova importantes pautas: confira"},"content":{"rendered":"<p data-start=\"98\" data-end=\"262\"><strong data-start=\"98\" data-end=\"194\">Na \u00faltima ter\u00e7a-feira, dia 12, foi realizada a 2\u00aa Sess\u00e3o Ordin\u00e1ria do m\u00eas de agosto de 2025.<\/strong><br data-start=\"194\" data-end=\"197\" \/>Na oportunidade, foram votadas e aprovadas as seguintes mat\u00e9rias:<\/p>\n<p data-start=\"264\" data-end=\"285\"><strong data-start=\"264\" data-end=\"283\">Mo\u00e7\u00f5es de Pesar<\/strong><\/p>\n<ul data-start=\"286\" data-end=\"638\">\n<li data-start=\"286\" data-end=\"353\">\n<p data-start=\"288\" data-end=\"353\">Mo\u00e7\u00e3o de Pesar pelo falecimento do senhor Darcy Ferreira Gomes.<\/p>\n<\/li>\n<li data-start=\"354\" data-end=\"421\">\n<p data-start=\"356\" data-end=\"421\">Mo\u00e7\u00e3o de Pesar pelo falecimento da senhora Maria L\u00facia Correia.<\/p>\n<\/li>\n<li data-start=\"422\" data-end=\"491\">\n<p data-start=\"424\" data-end=\"491\">Mo\u00e7\u00e3o de Pesar pelo falecimento da senhora Rosirene Alves Novaes.<\/p>\n<\/li>\n<li data-start=\"492\" data-end=\"562\">\n<p data-start=\"494\" data-end=\"562\">Mo\u00e7\u00e3o de Pesar pelo falecimento do senhor Expedito Alvez de Brito.<\/p>\n<\/li>\n<li data-start=\"563\" data-end=\"638\">\n<p data-start=\"565\" data-end=\"638\">Mo\u00e7\u00e3o de Pesar pelo falecimento da senhora Elza Maria da Silva Moreira.<\/p>\n<\/li>\n<\/ul>\n<p data-start=\"640\" data-end=\"663\"><strong data-start=\"640\" data-end=\"661\">Mo\u00e7\u00e3o de Aplausos<\/strong><\/p>\n<ul data-start=\"664\" data-end=\"739\">\n<li data-start=\"664\" data-end=\"739\">\n<p data-start=\"666\" data-end=\"739\">Mo\u00e7\u00e3o de Aplausos em comemora\u00e7\u00e3o aos 62 anos do Ceres Clube Recreativo.<\/p>\n<\/li>\n<\/ul>\n<hr data-start=\"741\" data-end=\"744\" \/>\n<p data-start=\"746\" data-end=\"763\"><strong data-start=\"746\" data-end=\"763\">REQUERIMENTOS<\/strong><\/p>\n<p data-start=\"765\" data-end=\"1565\"><strong data-start=\"765\" data-end=\"793\">Requerimento n\u00ba 150\/2025<\/strong> \u2013 De autoria dos vereadores Norvandi Angelo da Silva e Juliano Garcia Rosa, <strong data-start=\"870\" data-end=\"886\">que requerem<\/strong> ao Poder Executivo, \u00e0 Secretaria de Obras, \u00e0 Secretaria de Infraestrutura e \u00e0 Superintend\u00eancia Municipal de Tr\u00e2nsito (SMT) que seja realizada, com a m\u00e1xima urg\u00eancia, a recupera\u00e7\u00e3o dos canteiros da Avenida Bernardo Say\u00e3o e do estacionamento compreendido do in\u00edcio do Hospital Pio X at\u00e9 a rotat\u00f3ria Rui Barbosa.<br data-start=\"1196\" data-end=\"1199\" \/><em data-start=\"1199\" data-end=\"1215\">Justificativa:<\/em> Os canteiros centrais encontram-se em estado de abandono, com desgaste vis\u00edvel e aus\u00eancia de manuten\u00e7\u00e3o adequada, comprometendo a est\u00e9tica urbana e a seguran\u00e7a vi\u00e1ria. Da mesma forma, o estacionamento apresenta danos estruturais que dificultam o uso e geram transtornos aos motoristas, acarretando preju\u00edzos \u00e0 popula\u00e7\u00e3o e aos comerciantes da regi\u00e3o.<\/p>\n<p data-start=\"1567\" data-end=\"2725\"><strong data-start=\"1567\" data-end=\"1595\">Requerimento n\u00ba 151\/2025<\/strong> \u2013 De autoria dos vereadores Lucas Rodrigues de Melo, Norvandi Angelo da Silva, Reginaldo Liberato de Azevedo e Maur\u00edcio Pereira Mendes, <strong data-start=\"1732\" data-end=\"1748\">que requerem<\/strong> ao Poder Executivo e \u00e0 Secretaria de Desenvolvimento Econ\u00f4mico a realiza\u00e7\u00e3o de um estudo de viabilidade para a permuta do terreno do munic\u00edpio localizado \u00e0s margens da GO-154, no graneleiro, por outro terreno que tenha boa log\u00edstica, a fim de atrair novas empresas ao munic\u00edpio.<br data-start=\"2027\" data-end=\"2030\" \/><em data-start=\"2030\" data-end=\"2046\">Justificativa:<\/em> O atual setor industrial enfrenta desafios log\u00edsticos que limitam o crescimento das empresas e a atra\u00e7\u00e3o de novos investimentos. A \u00e1rea proposta, sentido a regi\u00e3o do Batatal, possui localiza\u00e7\u00e3o estrat\u00e9gica, conectando diretamente a GO-154 e a BR-153, o que facilitaria o acesso e o escoamento de produtos, impulsionando o desenvolvimento econ\u00f4mico local. A permuta e uma poss\u00edvel contrapartida para ampliar o espa\u00e7o de cria\u00e7\u00e3o de um novo setor industrial trariam in\u00fameros benef\u00edcios, como a melhoria da infraestrutura, o aumento da capacidade de expans\u00e3o para empresas j\u00e1 existentes e a atra\u00e7\u00e3o de novos neg\u00f3cios, gerando mais oportunidades de emprego para a popula\u00e7\u00e3o de Ceres.<\/p>\n<p data-start=\"2727\" data-end=\"3327\"><strong data-start=\"2727\" data-end=\"2755\">Requerimento n\u00ba 152\/2025<\/strong> \u2013 De autoria dos vereadores Lucas Rodrigues de Melo e Reginaldo Liberato de Azevedo, <strong data-start=\"2841\" data-end=\"2857\">que requerem<\/strong> ao Poder Executivo e \u00e0 Secretaria de Administra\u00e7\u00e3o a avalia\u00e7\u00e3o e poss\u00edvel instala\u00e7\u00e3o de bancos e mesas no Parque Curumim.<br data-start=\"2979\" data-end=\"2982\" \/><em data-start=\"2982\" data-end=\"2998\">Justificativa:<\/em> Moradores e frequentadores relatam a inexist\u00eancia de locais adequados para refei\u00e7\u00f5es ou momentos de conviv\u00eancia. Al\u00e9m disso, a presen\u00e7a de c\u00e3es no local limita o uso do espa\u00e7o para lazer e atividades familiares. A instala\u00e7\u00e3o de mesas e bancos contribuir\u00e1 para tornar o parque mais funcional, confort\u00e1vel e atrativo \u00e0 comunidade.<\/p>\n<p data-start=\"3329\" data-end=\"4251\"><strong data-start=\"3329\" data-end=\"3357\">Requerimento n\u00ba 153\/2025<\/strong> \u2013 De autoria dos vereadores Juliana Silveira, Frederico de Oliveira Santos, Lucas Rodrigues de Melo, Zener de Oliveira Azevedo, Maur\u00edcio Pereira Mendes, Juliano Garcia Rosa, Norvandi Angelo da Silva, Reginaldo Liberato de Azevedo, S\u00e9rgio Ferreira dos Passos, Glic\u00e9rio de Moraes Mendes J\u00fanior e Hugo S\u00e9rgio da Silva, <strong data-start=\"3674\" data-end=\"3690\">que requerem<\/strong> ao Chefe do Poder Executivo e \u00e0 Secretaria de Sa\u00fade a imediata revis\u00e3o e o restabelecimento dos vencimentos-base dos Agentes Comunit\u00e1rios de Sa\u00fade (ACS) e Agentes de Combate \u00e0s Endemias (ACE) do munic\u00edpio de Ceres, reduzidos sem aviso pr\u00e9vio em julho de 2025, bem como o pagamento dos valores retroativos desde a data da redu\u00e7\u00e3o.<br data-start=\"4020\" data-end=\"4023\" \/><em data-start=\"4023\" data-end=\"4039\">Justificativa:<\/em> A redu\u00e7\u00e3o foi realizada sem consulta ou aviso pr\u00e9vio aos funcion\u00e1rios afetados, comprometendo a dignidade e a qualidade de vida dos ACS e ACE, que desempenham papel fundamental para a sa\u00fade p\u00fablica do munic\u00edpio.<\/p>\n<p data-start=\"4253\" data-end=\"4508\"><strong data-start=\"4253\" data-end=\"4281\">Requerimento n\u00ba 154\/2025<\/strong> \u2013 De autoria do vereador Reginaldo Liberato de Azevedo, <strong data-start=\"4338\" data-end=\"4352\">que requer<\/strong> ao Chefe do Poder Executivo, \u00e0 Secretaria de Turismo, Cultura e Esporte e \u00e0 Secretaria de Meio Ambiente e Saneamento a ado\u00e7\u00e3o das seguintes provid\u00eancias:<\/p>\n<ol data-start=\"4509\" data-end=\"5075\">\n<li data-start=\"4509\" data-end=\"4754\">\n<p data-start=\"4512\" data-end=\"4754\">Cria\u00e7\u00e3o da Temporada de Camping no munic\u00edpio de Ceres, a ser realizada anualmente no Complexo Tur\u00edstico de Ceres, ao longo da orla da estrada Beira Rio, preferencialmente nos meses de clima mais intenso, favor\u00e1veis a atividades ao ar livre;<\/p>\n<\/li>\n<li data-start=\"4755\" data-end=\"5075\">\n<p data-start=\"4758\" data-end=\"5075\">Ado\u00e7\u00e3o de medidas para adequa\u00e7\u00e3o da infraestrutura do Complexo Tur\u00edstico, com instala\u00e7\u00e3o de equipamentos e estruturas necess\u00e1rias \u00e0 pr\u00e1tica segura e organizada do turismo e camping, melhoria nas quadras de areia, limpeza e reestrutura\u00e7\u00e3o do porto, placas de sinaliza\u00e7\u00e3o de seguran\u00e7a e demais adequa\u00e7\u00f5es necess\u00e1rias.<\/p>\n<\/li>\n<\/ol>\n<p data-start=\"5077\" data-end=\"5609\">A proposta visa organizar \u00e1reas espec\u00edficas para camping, com infraestrutura b\u00e1sica de apoio, como banheiros, pontos de energia, \u00e1gua pot\u00e1vel, seguran\u00e7a e sinaliza\u00e7\u00e3o adequada, al\u00e9m da realiza\u00e7\u00e3o de eventos culturais, esportivos e educativos, promovendo o ecoturismo e o lazer sustent\u00e1vel.<br data-start=\"5366\" data-end=\"5369\" \/><em data-start=\"5369\" data-end=\"5385\">Justificativa:<\/em> A iniciativa busca incentivar o turismo local, fomentar a economia criativa e proporcionar op\u00e7\u00f5es de lazer e integra\u00e7\u00e3o com a natureza para a popula\u00e7\u00e3o e visitantes, valorizando o patrim\u00f4nio natural e cultural do munic\u00edpio.<\/p>\n<p data-start=\"5611\" data-end=\"6306\"><strong data-start=\"5611\" data-end=\"5639\">Requerimento n\u00ba 155\/2025<\/strong> \u2013 De autoria do vereador Hugo S\u00e9rgio da Silva, <strong data-start=\"5687\" data-end=\"5701\">que requer<\/strong> ao Chefe do Poder Executivo, \u00e0 Secretaria Municipal de Sa\u00fade e \u00e0 Secretaria Municipal de Infraestrutura que seja realizada, em car\u00e1ter de urg\u00eancia, a troca da ilumina\u00e7\u00e3o da Academia da Sa\u00fade localizada no Parque Curumim.<br data-start=\"5922\" data-end=\"5925\" \/><em data-start=\"5925\" data-end=\"5941\">Justificativa:<\/em> A solicita\u00e7\u00e3o atende \u00e0 demanda dos frequentadores, especialmente alunos de aulas de zumba no per\u00edodo noturno. A ilumina\u00e7\u00e3o atual compromete a visibilidade, a seguran\u00e7a e o desempenho das atividades. A melhoria do sistema permitir\u00e1 a realiza\u00e7\u00e3o das atividades com mais tranquilidade e efici\u00eancia, incentivando a pr\u00e1tica de exerc\u00edcios e promovendo sa\u00fade e bem-estar.<\/p>\n<p data-start=\"6308\" data-end=\"6903\" data-is-last-node=\"\" data-is-only-node=\"\"><strong data-start=\"6308\" data-end=\"6336\">Requerimento n\u00ba 156\/2025<\/strong> \u2013 De autoria dos vereadores Hugo S\u00e9rgio da Silva e Reginaldo Liberato de Azevedo, <strong data-start=\"6419\" data-end=\"6435\">que requerem<\/strong> ao Chefe do Poder Executivo e \u00e0 Secretaria Municipal de Infraestrutura e Servi\u00e7os Urbanos que seja realizada a manuten\u00e7\u00e3o e limpeza dos brinquedos instalados no Parque Curumim.<br data-start=\"6612\" data-end=\"6615\" \/><em data-start=\"6615\" data-end=\"6631\">Justificativa:<\/em> O Parque Curumim \u00e9 o \u00fanico espa\u00e7o de lazer infantil da comunidade, com brinquedos utilizados diariamente. A manuten\u00e7\u00e3o e a limpeza frequentes s\u00e3o essenciais para garantir a seguran\u00e7a e o bem-estar das crian\u00e7as, al\u00e9m de manter o local agrad\u00e1vel e em boas condi\u00e7\u00f5es de uso.<\/p>\n<p><strong data-start=\"111\" data-end=\"153\">Acompanhe os trabalhos do Legislativo!<br \/>\n<\/strong><br data-start=\"153\" data-end=\"156\" \/>Siga a C\u00e2mara Municipal de Ceres no Instagram e fique por dentro de tudo que acontece nas sess\u00f5es e a\u00e7\u00f5es parlamentares: \ud83d\udc49 <a class=\"\" href=\"https:\/\/www.instagram.com\/camaramunicipaldeceres\/\" target=\"_blank\" rel=\"noopener\" data-start=\"282\" data-end=\"358\" data-is-last-node=\"\">@camaramunicipaldeceres<\/a><\/p>\n","protected":false},"excerpt":{"rendered":"<p>Na \u00faltima ter\u00e7a-feira, dia 12, foi realizada a 2\u00aa Sess\u00e3o Ordin\u00e1ria do m\u00eas de agosto de 2025.Na oportunidade, foram votadas e aprovadas as seguintes mat\u00e9rias: Mo\u00e7\u00f5es de Pesar Mo\u00e7\u00e3o de Pesar pelo falecimento do senhor Darcy Ferreira Gomes. Mo\u00e7\u00e3o de Pesar pelo falecimento da senhora Maria L\u00facia Correia. Mo\u00e7\u00e3o de Pesar pelo falecimento da senhora [&hellip;]<\/p>\n","protected":false},"author":1,"featured_media":4055,"comment_status":"open","ping_status":"open","sticky":false,"template":"","format":"standard","meta":{"om_disable_all_campaigns":false,"footnotes":"","jetpack_publicize_message":"","jetpack_publicize_feature_enabled":true,"jetpack_social_post_already_shared":true,"jetpack_social_options":{"image_generator_settings":{"template":"highway","enabled":false}}},"categories":[11,8,5,9],"tags":[],"jetpack_publicize_connections":[],"jetpack_sharing_enabled":true,"jetpack_featured_media_url":"https:\/\/jornalvalenews.com.br\/wp-content\/uploads\/2025\/08\/IMG_8739-scaled.jpg","_links":{"self":[{"href":"https:\/\/jornalvalenews.com.br\/index.php\/wp-json\/wp\/v2\/posts\/4054"}],"collection":[{"href":"https:\/\/jornalvalenews.com.br\/index.php\/wp-json\/wp\/v2\/posts"}],"about":[{"href":"https:\/\/jornalvalenews.com.br\/index.php\/wp-json\/wp\/v2\/types\/post"}],"author":[{"embeddable":true,"href":"https:\/\/jornalvalenews.com.br\/index.php\/wp-json\/wp\/v2\/users\/1"}],"replies":[{"embeddable":true,"href":"https:\/\/jornalvalenews.com.br\/index.php\/wp-json\/wp\/v2\/comments?post=4054"}],"version-history":[{"count":3,"href":"https:\/\/jornalvalenews.com.br\/index.php\/wp-json\/wp\/v2\/posts\/4054\/revisions"}],"predecessor-version":[{"id":4058,"href":"https:\/\/jornalvalenews.com.br\/index.php\/wp-json\/wp\/v2\/posts\/4054\/revisions\/4058"}],"wp:featuredmedia":[{"embeddable":true,"href":"https:\/\/jornalvalenews.com.br\/index.php\/wp-json\/wp\/v2\/media\/4055"}],"wp:attachment":[{"href":"https:\/\/jornalvalenews.com.br\/index.php\/wp-json\/wp\/v2\/media?parent=4054"}],"wp:term":[{"taxonomy":"category","embeddable":true,"href":"https:\/\/jornalvalenews.com.br\/index.php\/wp-json\/wp\/v2\/categories?post=4054"},{"taxonomy":"post_tag","embeddable":true,"href":"https:\/\/jornalvalenews.com.br\/index.php\/wp-json\/wp\/v2\/tags?post=4054"}],"curies":[{"name":"wp","href":"https:\/\/api.w.org\/{rel}","templated":true}]}}