{"id":3931,"date":"2025-07-24T16:59:01","date_gmt":"2025-07-24T19:59:01","guid":{"rendered":"https:\/\/jornalvalenews.com.br\/?p=3931"},"modified":"2025-07-24T16:59:01","modified_gmt":"2025-07-24T19:59:01","slug":"rianapolis-atinge-100-de-alfabetizacao-entre-estudantes-e-se-destaca-em-ranking-estadual","status":"publish","type":"post","link":"https:\/\/jornalvalenews.com.br\/index.php\/2025\/07\/24\/rianapolis-atinge-100-de-alfabetizacao-entre-estudantes-e-se-destaca-em-ranking-estadual\/","title":{"rendered":"Rian\u00e1polis atinge 100% de alfabetiza\u00e7\u00e3o entre estudantes e se destaca em ranking estadual"},"content":{"rendered":"<p data-start=\"230\" data-end=\"569\"><a href=\"https:\/\/api.whatsapp.com\/send?phone=5562998212725&amp;text=Ol%C3%A1,%20gostaria%20de%20falar%20com%20a%20secret%C3%A1ria%20do%20Dr.%20Paulo%20e%20Dra.%20Caroline\" target=\"_blank\" rel=\"noopener\"><img loading=\"lazy\" decoding=\"async\" class=\"alignnone\" src=\"https:\/\/jornalvalenews.com.br\/wp-content\/uploads\/2024\/08\/novo-gif-dr.-paulo.gif\" alt=\"\" width=\"800\" height=\"666\" \/><\/a><\/p>\n<p data-start=\"230\" data-end=\"569\">O munic\u00edpio de <strong>Rian\u00e1polis<\/strong> celebrou um importante marco na educa\u00e7\u00e3o p\u00fablica: a conquista de 100% de alfabetiza\u00e7\u00e3o entre os estudantes avaliados, segundo dados do INEP 2024, divulgados pela Secretaria Estadual de Educa\u00e7\u00e3o.<br data-start=\"450\" data-end=\"453\" \/>O resultado posiciona Rian\u00e1polis entre os 10 melhores munic\u00edpios de Goi\u00e1s no \u00edndice de alfabetiza\u00e7\u00e3o na idade certa.<\/p>\n<p data-start=\"571\" data-end=\"865\">Esse feito \u00e9 fruto de um trabalho s\u00e9rio e comprometido da gest\u00e3o municipal, por meio da Secretaria Municipal de Educa\u00e7\u00e3o, liderada por <strong data-start=\"706\" data-end=\"724\">J\u00e9ssica Renata<\/strong>, e de todos os profissionais da rede municipal de ensino, que t\u00eam atuado com dedica\u00e7\u00e3o e excel\u00eancia para garantir uma educa\u00e7\u00e3o de qualidade.<\/p>\n<p data-start=\"867\" data-end=\"1395\">O prefeito <strong data-start=\"878\" data-end=\"896\">Gilber Miranda<\/strong> comemorou a conquista, destacando que a Educa\u00e7\u00e3o \u00e9 uma das prioridades da sua gest\u00e3o.<br data-start=\"982\" data-end=\"985\" \/>\u201cEsse resultado nos enche de orgulho e refor\u00e7a nosso compromisso com o futuro das nossas crian\u00e7as. Parabenizo toda a equipe da Educa\u00e7\u00e3o pelo trabalho incans\u00e1vel e agrade\u00e7o ao Governo do Estado, \u00e0 secret\u00e1ria estadual de Educa\u00e7\u00e3o, <strong data-start=\"1214\" data-end=\"1232\">F\u00e1tima Gavioli<\/strong>, e ao Programa <strong data-start=\"1248\" data-end=\"1260\">AlfaMais<\/strong>, que t\u00eam sido grandes parceiros de Rian\u00e1polis na constru\u00e7\u00e3o de uma educa\u00e7\u00e3o cada vez mais forte e transformadora\u201d, afirmou o prefeito.<\/p>\n<p data-start=\"1397\" data-end=\"1671\">A conquista reflete tamb\u00e9m a efici\u00eancia das pol\u00edticas p\u00fablicas adotadas no munic\u00edpio, que integram forma\u00e7\u00e3o continuada, acompanhamento pedag\u00f3gico e investimentos em infraestrutura escolar \u2014 sempre com o objetivo de garantir o pleno desenvolvimento dos alunos na idade certa.<\/p>\n<p data-start=\"1673\" data-end=\"1865\">Com esse resultado, Rian\u00e1polis reafirma sua posi\u00e7\u00e3o de destaque no cen\u00e1rio estadual e refor\u00e7a sua voca\u00e7\u00e3o de cidade educadora, onde o aprendizado e o cuidado com o futuro caminham lado a lado.<\/p>\n<h3>Voc\u00ea tem Instagram?! Siga o Jornal Vale News e fique por dentro das principais not\u00edcias da regi\u00e3o:\u00a0<a href=\"https:\/\/www.instagram.com\/jornalvalenews\/\" target=\"_blank\" rel=\"noopener\">clique aqui!<\/a><\/h3>\n","protected":false},"excerpt":{"rendered":"<p>O munic\u00edpio de Rian\u00e1polis celebrou um importante marco na educa\u00e7\u00e3o p\u00fablica: a conquista de 100% de alfabetiza\u00e7\u00e3o entre os estudantes avaliados, segundo dados do INEP 2024, divulgados pela Secretaria Estadual de Educa\u00e7\u00e3o.O resultado posiciona Rian\u00e1polis entre os 10 melhores munic\u00edpios de Goi\u00e1s no \u00edndice de alfabetiza\u00e7\u00e3o na idade certa. Esse feito \u00e9 fruto de um [&hellip;]<\/p>\n","protected":false},"author":1,"featured_media":3933,"comment_status":"open","ping_status":"open","sticky":false,"template":"","format":"standard","meta":{"om_disable_all_campaigns":false,"footnotes":"","jetpack_publicize_message":"","jetpack_publicize_feature_enabled":true,"jetpack_social_post_already_shared":true,"jetpack_social_options":{"image_generator_settings":{"template":"highway","enabled":false}}},"categories":[8,5,9],"tags":[448,449,230],"jetpack_publicize_connections":[],"jetpack_sharing_enabled":true,"jetpack_featured_media_url":"https:\/\/jornalvalenews.com.br\/wp-content\/uploads\/2025\/07\/Design-sem-nome-15.png","_links":{"self":[{"href":"https:\/\/jornalvalenews.com.br\/index.php\/wp-json\/wp\/v2\/posts\/3931"}],"collection":[{"href":"https:\/\/jornalvalenews.com.br\/index.php\/wp-json\/wp\/v2\/posts"}],"about":[{"href":"https:\/\/jornalvalenews.com.br\/index.php\/wp-json\/wp\/v2\/types\/post"}],"author":[{"embeddable":true,"href":"https:\/\/jornalvalenews.com.br\/index.php\/wp-json\/wp\/v2\/users\/1"}],"replies":[{"embeddable":true,"href":"https:\/\/jornalvalenews.com.br\/index.php\/wp-json\/wp\/v2\/comments?post=3931"}],"version-history":[{"count":2,"href":"https:\/\/jornalvalenews.com.br\/index.php\/wp-json\/wp\/v2\/posts\/3931\/revisions"}],"predecessor-version":[{"id":3934,"href":"https:\/\/jornalvalenews.com.br\/index.php\/wp-json\/wp\/v2\/posts\/3931\/revisions\/3934"}],"wp:featuredmedia":[{"embeddable":true,"href":"https:\/\/jornalvalenews.com.br\/index.php\/wp-json\/wp\/v2\/media\/3933"}],"wp:attachment":[{"href":"https:\/\/jornalvalenews.com.br\/index.php\/wp-json\/wp\/v2\/media?parent=3931"}],"wp:term":[{"taxonomy":"category","embeddable":true,"href":"https:\/\/jornalvalenews.com.br\/index.php\/wp-json\/wp\/v2\/categories?post=3931"},{"taxonomy":"post_tag","embeddable":true,"href":"https:\/\/jornalvalenews.com.br\/index.php\/wp-json\/wp\/v2\/tags?post=3931"}],"curies":[{"name":"wp","href":"https:\/\/api.w.org\/{rel}","templated":true}]}}