{"id":3929,"date":"2025-07-24T17:02:27","date_gmt":"2025-07-24T20:02:27","guid":{"rendered":"https:\/\/jornalvalenews.com.br\/?p=3929"},"modified":"2025-07-24T17:02:27","modified_gmt":"2025-07-24T20:02:27","slug":"dr-lucas-chaves-celebra-emenda-de-r-400-mil-para-rialma-destinada-pelo-deputado-cairo-salim","status":"publish","type":"post","link":"https:\/\/jornalvalenews.com.br\/index.php\/2025\/07\/24\/dr-lucas-chaves-celebra-emenda-de-r-400-mil-para-rialma-destinada-pelo-deputado-cairo-salim\/","title":{"rendered":"Dr. Lucas Chaves celebra emenda de R$ 400 mil para Rialma destinada pelo deputado Cairo Salim"},"content":{"rendered":"<p>&nbsp;<\/p>\n<p><a href=\"https:\/\/api.whatsapp.com\/send?phone=5562998212725&amp;text=Ol%C3%A1,%20gostaria%20de%20falar%20com%20a%20secret%C3%A1ria%20do%20Dr.%20Paulo%20e%20Dra.%20Caroline\" target=\"_blank\" rel=\"noopener\"><img loading=\"lazy\" decoding=\"async\" class=\"alignnone\" src=\"https:\/\/jornalvalenews.com.br\/wp-content\/uploads\/2024\/08\/novo-gif-dr.-paulo.gif\" alt=\"\" width=\"800\" height=\"666\" \/><\/a><\/p>\n<p>&nbsp;<\/p>\n<p>Durante os festejos em comemora\u00e7\u00e3o aos <strong>72 anos de emancipa\u00e7\u00e3o pol\u00edtica de Rialma<\/strong>, o <strong>deputado estadual Cairo Salim<\/strong> anunciou a destina\u00e7\u00e3o de uma <strong>emenda no valor de R$\u202f400 mil<\/strong> para o munic\u00edpio. A not\u00edcia foi confirmada durante entrevista concedida ao jornal <strong>Vale News<\/strong>, ao lado do <strong>prefeito Dr. Lucas Chaves<\/strong>, da <strong>primeira-dama Dra. Aline Gomes<\/strong> e da <strong>vice-prefeita Vera L\u00facia<\/strong>.<\/p>\n<p>A verba destinada ser\u00e1 utilizada para <strong>melhorias na estrutura da feira municipal<\/strong>, espa\u00e7o tradicional de encontro das fam\u00edlias nos fins de semana. \u201cQuantos n\u00e3o v\u00e3o \u00e0 feira aos domingos tomar uma garapa, comer um pastel, fazer suas compras? Esse local merece mais conforto e estrutura, e estamos aqui para garantir isso \u00e0 popula\u00e7\u00e3o\u201d, destacou o <strong>prefeito Dr. Lucas<\/strong>.<\/p>\n<p><strong>Segundo o prefeito, participar da festa como gestor foi uma experi\u00eancia emocionante e desafiadora.<\/strong> \u201c\u00c9 um sentimento desafiador fazer uma festa nessa propor\u00e7\u00e3o. Mas a gente encarou de frente, porque o nosso povo merece. Nosso povo merece obras, sa\u00fade, educa\u00e7\u00e3o, mas tamb\u00e9m merece sorrir e aproveitar\u201d, declarou <strong>Dr. Lucas Chaves<\/strong>.<\/p>\n<p><strong>Cairo Salim<\/strong> enfatizou que a parceria com a atual gest\u00e3o \u00e9 s\u00f3lida e baseada no compromisso com a popula\u00e7\u00e3o. \u201cEssa \u00e9 a primeira emenda da gest\u00e3o do Dr. Lucas, mas n\u00e3o ser\u00e1 a \u00faltima. Enquanto ele e sua equipe estiverem no comando, vamos continuar ajudando Rialma a crescer. \u00c9 minha obriga\u00e7\u00e3o como deputado, porque \u00e9 o povo quem paga o meu sal\u00e1rio\u201d, afirmou.<\/p>\n<p>O deputado tamb\u00e9m lembrou que j\u00e1 havia destinado recursos \u00e0 cidade na gest\u00e3o anterior, mas que v\u00ea na atual administra\u00e7\u00e3o um empenho ainda maior em transformar a realidade do munic\u00edpio. \u201cQuando o pol\u00edtico \u00e9 s\u00e9rio, ele d\u00e1 resultado. E o Dr. Lucas tem mostrado isso no dia a dia, com compet\u00eancia e carinho pelo povo\u201d, disse.<\/p>\n<p>A entrevista foi concedida durante a <strong>Festa do Pe\u00e3o de Rialma<\/strong>, que reuniu milhares de pessoas e contou com a presen\u00e7a de diversas autoridades estaduais. O evento, segundo a administra\u00e7\u00e3o municipal, representa n\u00e3o apenas um momento de celebra\u00e7\u00e3o, mas tamb\u00e9m de <strong>uni\u00e3o e valoriza\u00e7\u00e3o das conquistas da cidade<\/strong>.<\/p>\n<h3>Voc\u00ea tem Instagram?! Siga o Jornal Vale News e fique por dentro das principais not\u00edcias da regi\u00e3o:\u00a0<a href=\"https:\/\/www.instagram.com\/jornalvalenews\/\" target=\"_blank\" rel=\"noopener\">clique aqui!<\/a><\/h3>\n","protected":false},"excerpt":{"rendered":"<p>&nbsp; &nbsp; Durante os festejos em comemora\u00e7\u00e3o aos 72 anos de emancipa\u00e7\u00e3o pol\u00edtica de Rialma, o deputado estadual Cairo Salim anunciou a destina\u00e7\u00e3o de uma emenda no valor de R$\u202f400 mil para o munic\u00edpio. A not\u00edcia foi confirmada durante entrevista concedida ao jornal Vale News, ao lado do prefeito Dr. Lucas Chaves, da primeira-dama Dra. [&hellip;]<\/p>\n","protected":false},"author":1,"featured_media":3935,"comment_status":"open","ping_status":"open","sticky":false,"template":"","format":"standard","meta":{"om_disable_all_campaigns":false,"footnotes":"","jetpack_publicize_message":"","jetpack_publicize_feature_enabled":true,"jetpack_social_post_already_shared":true,"jetpack_social_options":{"image_generator_settings":{"template":"highway","enabled":false}}},"categories":[8,5,12,9],"tags":[706,707,243,708,34],"jetpack_publicize_connections":[],"jetpack_sharing_enabled":true,"jetpack_featured_media_url":"https:\/\/jornalvalenews.com.br\/wp-content\/uploads\/2025\/07\/WhatsApp-Image-2025-07-24-at-17.01.34.jpeg","_links":{"self":[{"href":"https:\/\/jornalvalenews.com.br\/index.php\/wp-json\/wp\/v2\/posts\/3929"}],"collection":[{"href":"https:\/\/jornalvalenews.com.br\/index.php\/wp-json\/wp\/v2\/posts"}],"about":[{"href":"https:\/\/jornalvalenews.com.br\/index.php\/wp-json\/wp\/v2\/types\/post"}],"author":[{"embeddable":true,"href":"https:\/\/jornalvalenews.com.br\/index.php\/wp-json\/wp\/v2\/users\/1"}],"replies":[{"embeddable":true,"href":"https:\/\/jornalvalenews.com.br\/index.php\/wp-json\/wp\/v2\/comments?post=3929"}],"version-history":[{"count":1,"href":"https:\/\/jornalvalenews.com.br\/index.php\/wp-json\/wp\/v2\/posts\/3929\/revisions"}],"predecessor-version":[{"id":3930,"href":"https:\/\/jornalvalenews.com.br\/index.php\/wp-json\/wp\/v2\/posts\/3929\/revisions\/3930"}],"wp:featuredmedia":[{"embeddable":true,"href":"https:\/\/jornalvalenews.com.br\/index.php\/wp-json\/wp\/v2\/media\/3935"}],"wp:attachment":[{"href":"https:\/\/jornalvalenews.com.br\/index.php\/wp-json\/wp\/v2\/media?parent=3929"}],"wp:term":[{"taxonomy":"category","embeddable":true,"href":"https:\/\/jornalvalenews.com.br\/index.php\/wp-json\/wp\/v2\/categories?post=3929"},{"taxonomy":"post_tag","embeddable":true,"href":"https:\/\/jornalvalenews.com.br\/index.php\/wp-json\/wp\/v2\/tags?post=3929"}],"curies":[{"name":"wp","href":"https:\/\/api.w.org\/{rel}","templated":true}]}}