{"id":3908,"date":"2025-07-23T13:32:13","date_gmt":"2025-07-23T16:32:13","guid":{"rendered":"https:\/\/jornalvalenews.com.br\/?p=3908"},"modified":"2025-07-23T13:32:13","modified_gmt":"2025-07-23T16:32:13","slug":"jovem-de-rialma-recebe-cadeira-de-rodas-eletronica-com-apoio-do-deputado-wilde-cambao-e-emociona-a-comunidade","status":"publish","type":"post","link":"https:\/\/jornalvalenews.com.br\/index.php\/2025\/07\/23\/jovem-de-rialma-recebe-cadeira-de-rodas-eletronica-com-apoio-do-deputado-wilde-cambao-e-emociona-a-comunidade\/","title":{"rendered":"Jovem de Rialma recebe cadeira de rodas eletr\u00f4nica, com apoio do deputado Wilde Camb\u00e3o, e emociona a comunidade"},"content":{"rendered":"<p><a href=\"https:\/\/api.whatsapp.com\/send?phone=5562998212725&amp;text=Ol%C3%A1,%20gostaria%20de%20falar%20com%20a%20secret%C3%A1ria%20do%20Dr.%20Paulo%20e%20Dra.%20Caroline\" target=\"_blank\" rel=\"noopener\"><img loading=\"lazy\" decoding=\"async\" class=\"alignnone\" src=\"https:\/\/jornalvalenews.com.br\/wp-content\/uploads\/2024\/08\/novo-gif-dr.-paulo.gif\" alt=\"\" width=\"800\" height=\"666\" \/><\/a><\/p>\n<p data-start=\"118\" data-end=\"404\">A manh\u00e3 desta quarta-feira, 23 de julho, foi marcada por emo\u00e7\u00e3o e esperan\u00e7a. O jovem <strong data-start=\"203\" data-end=\"229\">Jo\u00e3o V\u00edtor Rocha Silva<\/strong>, de 26 anos, morador de <strong data-start=\"254\" data-end=\"269\">Rialma (GO)<\/strong>, recebeu uma cadeira de rodas eletr\u00f4nica em uma entrega especial realizada no gabinete da <strong data-start=\"360\" data-end=\"403\">Assembleia Legislativa de Goi\u00e1s (Alego)<\/strong>.<\/p>\n<p data-start=\"406\" data-end=\"575\">O gesto foi viabilizado com o apoio do deputado estadual <strong data-start=\"463\" data-end=\"479\">Wilde Camb\u00e3o<\/strong>, ap\u00f3s solicita\u00e7\u00e3o feita pelo ex-presidente da C\u00e2mara Municipal de Rialma, <strong data-start=\"554\" data-end=\"574\">Israel Matozinho<\/strong>.<\/p>\n<p data-start=\"577\" data-end=\"1060\">Jo\u00e3o V\u00edtor \u00e9 muito mais do que um nome conhecido na cidade. Filho de <strong data-start=\"646\" data-end=\"670\">Nilma Regina Pacheco<\/strong> e <strong data-start=\"673\" data-end=\"687\">Ivan Rocha<\/strong>, ele \u00e9 admirado pela comunidade por sua intelig\u00eancia, criatividade e alegria de viver. Mesmo enfrentando limita\u00e7\u00f5es f\u00edsicas, sempre buscou formas alternativas de se locomover com autonomia, adaptando cadeiras de rodas comuns com engenhocas criadas por ele pr\u00f3prio \u2014 o que mostra n\u00e3o s\u00f3 sua capacidade inventiva, mas tamb\u00e9m sua for\u00e7a de vontade em superar desafios di\u00e1rios.<\/p>\n<p data-start=\"1062\" data-end=\"1253\">A chegada da cadeira de rodas eletr\u00f4nica representa mais do que acessibilidade: \u00e9 a realiza\u00e7\u00e3o de um sonho antigo da fam\u00edlia e uma conquista que simboliza dignidade, inclus\u00e3o e avan\u00e7o social.<\/p>\n<p data-start=\"1255\" data-end=\"1539\">\u201cAo ver o sorriso do Jo\u00e3o V\u00edtor e de seus pais ao receberem a cadeira, senti alegria e esperan\u00e7a. Seguimos trabalhando e buscando sempre oportunidades e ferramentas para tornar a sociedade cada dia mais acess\u00edvel\u201d, destacou o deputado <strong data-start=\"1490\" data-end=\"1506\">Wilde Camb\u00e3o<\/strong> em publica\u00e7\u00e3o nas redes sociais.<\/p>\n<p data-start=\"1541\" data-end=\"1742\">A emo\u00e7\u00e3o da entrega foi vis\u00edvel. Um momento que representa a luta de uma fam\u00edlia, o apoio do poder p\u00fablico e, acima de tudo, o reconhecimento de um jovem que nunca deixou de acreditar no pr\u00f3prio valor.<\/p>\n<p data-start=\"1744\" data-end=\"1982\">Jo\u00e3o V\u00edtor \u00e9 sin\u00f4nimo de supera\u00e7\u00e3o. E, com a nova cadeira, ele ganha mais mobilidade e independ\u00eancia \u2014 mas a verdadeira for\u00e7a continua vindo de dentro: da mente criativa, do cora\u00e7\u00e3o gigante e da f\u00e9 que ele e sua fam\u00edlia sempre mantiveram.<\/p>\n<p data-start=\"1744\" data-end=\"1982\"><img loading=\"lazy\" decoding=\"async\" class=\"wp-image-3909 aligncenter\" src=\"https:\/\/jornalvalenews.com.br\/wp-content\/uploads\/2025\/07\/IMG_8142-300x225.jpg\" alt=\"\" width=\"800\" height=\"600\" srcset=\"https:\/\/jornalvalenews.com.br\/wp-content\/uploads\/2025\/07\/IMG_8142-300x225.jpg 300w, https:\/\/jornalvalenews.com.br\/wp-content\/uploads\/2025\/07\/IMG_8142-1024x767.jpg 1024w, https:\/\/jornalvalenews.com.br\/wp-content\/uploads\/2025\/07\/IMG_8142-768x575.jpg 768w, https:\/\/jornalvalenews.com.br\/wp-content\/uploads\/2025\/07\/IMG_8142-136x102.jpg 136w, https:\/\/jornalvalenews.com.br\/wp-content\/uploads\/2025\/07\/IMG_8142.jpg 1280w\" sizes=\"(max-width: 800px) 100vw, 800px\" \/><\/p>\n<h3>\nVoc\u00ea tem Instagram?! Siga o Jornal Vale News e fique por dentro das principais not\u00edcias da regi\u00e3o:\u00a0<a href=\"https:\/\/www.instagram.com\/jornalvalenews\/\" target=\"_blank\" rel=\"noopener\">clique aqui!<\/a><\/h3>\n","protected":false},"excerpt":{"rendered":"<p>A manh\u00e3 desta quarta-feira, 23 de julho, foi marcada por emo\u00e7\u00e3o e esperan\u00e7a. O jovem Jo\u00e3o V\u00edtor Rocha Silva, de 26 anos, morador de Rialma (GO), recebeu uma cadeira de rodas eletr\u00f4nica em uma entrega especial realizada no gabinete da Assembleia Legislativa de Goi\u00e1s (Alego). O gesto foi viabilizado com o apoio do deputado estadual [&hellip;]<\/p>\n","protected":false},"author":1,"featured_media":3910,"comment_status":"open","ping_status":"open","sticky":false,"template":"","format":"standard","meta":{"om_disable_all_campaigns":false,"footnotes":"","jetpack_publicize_message":"","jetpack_publicize_feature_enabled":true,"jetpack_social_post_already_shared":true,"jetpack_social_options":{"image_generator_settings":{"template":"highway","enabled":false}}},"categories":[11,8,5,12,255,9],"tags":[692,695,693,694,34,691],"jetpack_publicize_connections":[],"jetpack_sharing_enabled":true,"jetpack_featured_media_url":"https:\/\/jornalvalenews.com.br\/wp-content\/uploads\/2025\/07\/IMG_8143.jpg","_links":{"self":[{"href":"https:\/\/jornalvalenews.com.br\/index.php\/wp-json\/wp\/v2\/posts\/3908"}],"collection":[{"href":"https:\/\/jornalvalenews.com.br\/index.php\/wp-json\/wp\/v2\/posts"}],"about":[{"href":"https:\/\/jornalvalenews.com.br\/index.php\/wp-json\/wp\/v2\/types\/post"}],"author":[{"embeddable":true,"href":"https:\/\/jornalvalenews.com.br\/index.php\/wp-json\/wp\/v2\/users\/1"}],"replies":[{"embeddable":true,"href":"https:\/\/jornalvalenews.com.br\/index.php\/wp-json\/wp\/v2\/comments?post=3908"}],"version-history":[{"count":1,"href":"https:\/\/jornalvalenews.com.br\/index.php\/wp-json\/wp\/v2\/posts\/3908\/revisions"}],"predecessor-version":[{"id":3911,"href":"https:\/\/jornalvalenews.com.br\/index.php\/wp-json\/wp\/v2\/posts\/3908\/revisions\/3911"}],"wp:featuredmedia":[{"embeddable":true,"href":"https:\/\/jornalvalenews.com.br\/index.php\/wp-json\/wp\/v2\/media\/3910"}],"wp:attachment":[{"href":"https:\/\/jornalvalenews.com.br\/index.php\/wp-json\/wp\/v2\/media?parent=3908"}],"wp:term":[{"taxonomy":"category","embeddable":true,"href":"https:\/\/jornalvalenews.com.br\/index.php\/wp-json\/wp\/v2\/categories?post=3908"},{"taxonomy":"post_tag","embeddable":true,"href":"https:\/\/jornalvalenews.com.br\/index.php\/wp-json\/wp\/v2\/tags?post=3908"}],"curies":[{"name":"wp","href":"https:\/\/api.w.org\/{rel}","templated":true}]}}