{"id":3905,"date":"2025-07-22T19:19:03","date_gmt":"2025-07-22T22:19:03","guid":{"rendered":"https:\/\/jornalvalenews.com.br\/?p=3905"},"modified":"2025-07-22T19:19:03","modified_gmt":"2025-07-22T22:19:03","slug":"morre-o-empresario-jesiel-nascimento-prefeitura-de-rianapolis-publica-video-em-homenagem","status":"publish","type":"post","link":"https:\/\/jornalvalenews.com.br\/index.php\/2025\/07\/22\/morre-o-empresario-jesiel-nascimento-prefeitura-de-rianapolis-publica-video-em-homenagem\/","title":{"rendered":"Morre o empres\u00e1rio Jesiel Nascimento; Prefeitura de Rian\u00e1polis publica v\u00eddeo em homenagem"},"content":{"rendered":"<p data-start=\"306\" data-end=\"675\">\n<p data-start=\"306\" data-end=\"675\"><a href=\"https:\/\/api.whatsapp.com\/send?phone=5562998212725&amp;text=Ol%C3%A1,%20gostaria%20de%20falar%20com%20a%20secret%C3%A1ria%20do%20Dr.%20Paulo%20e%20Dra.%20Caroline\" target=\"_blank\" rel=\"noopener\"><img loading=\"lazy\" decoding=\"async\" class=\"alignnone\" src=\"https:\/\/jornalvalenews.com.br\/wp-content\/uploads\/2024\/08\/novo-gif-dr.-paulo.gif\" alt=\"\" width=\"800\" height=\"666\" \/><\/a><\/p>\n<p data-start=\"306\" data-end=\"675\">\n<p data-start=\"306\" data-end=\"675\"><strong data-start=\"306\" data-end=\"383\">Faleceu nesta ter\u00e7a-feira (22\/07), o empres\u00e1rio Jesiel Jos\u00e9 do Nascimento<\/strong>, fundador da <strong data-start=\"397\" data-end=\"419\">Eco Vale Ambiental<\/strong>, empresa sediada em Rian\u00e1polis (GO) e reconhecida em toda a regi\u00e3o do Vale do S\u00e3o Patr\u00edcio pela atua\u00e7\u00e3o no setor de gest\u00e3o de res\u00edduos s\u00f3lidos. A morte do empres\u00e1rio gerou forte como\u00e7\u00e3o no munic\u00edpio e mobilizou homenagens por parte do poder p\u00fablico local.<\/p>\n<p data-start=\"677\" data-end=\"1061\">Na tarde desta ter\u00e7a-feira, a <strong data-start=\"707\" data-end=\"745\">Prefeitura Municipal de Rian\u00e1polis<\/strong> divulgou um v\u00eddeo institucional em homenagem a <strong data-start=\"793\" data-end=\"803\">Jesiel<\/strong>, reconhecendo sua trajet\u00f3ria e contribui\u00e7\u00e3o significativa para o desenvolvimento urbano e ambiental da cidade. A Eco Vale, sob sua lideran\u00e7a, se tornou refer\u00eancia regional ao prestar servi\u00e7os de transbordo, transporte e destina\u00e7\u00e3o correta do lixo dom\u00e9stico.<\/p>\n<blockquote data-start=\"1063\" data-end=\"1496\">\n<p data-start=\"1065\" data-end=\"1496\">\u201cNossa homenagem a quem tanto contribuiu com Rian\u00e1polis. Jesiel do Nascimento instalou a Eco Vale em nossa cidade, empresa que tanto nos ajudou nas quest\u00f5es ambientais. Nossos sinceros sentimentos a toda a fam\u00edlia por essa grande perda. Nossa eterna gratid\u00e3o por tudo que fez, n\u00e3o s\u00f3 pela nossa cidade, mas tamb\u00e9m por toda a regi\u00e3o. Obrigado.\u201d \u2013 trecho da homenagem publicada pela Prefeitura em nome do <strong data-start=\"1468\" data-end=\"1495\">prefeito Gilber Miranda<\/strong>.<\/p>\n<\/blockquote>\n<p data-start=\"1498\" data-end=\"1586\">\u25b6\ufe0f <strong data-start=\"1501\" data-end=\"1530\">Veja o v\u00eddeo da homenagem<\/strong>: <strong><a class=\"cursor-pointer\" href=\"https:\/\/www.instagram.com\/jornalvalenews\/reel\/DMbMbQix_I2\/\" target=\"_blank\" rel=\"noopener\" data-start=\"1532\" data-end=\"1586\">Clique aqui para assistir<\/a><\/strong><\/p>\n<p data-start=\"1588\" data-end=\"1850\"><strong data-start=\"1588\" data-end=\"1654\">Jesiel era um nome importante para o desenvolvimento da regi\u00e3o<\/strong>, e recentemente, em entrevista concedida ao Jornal Vale News no m\u00eas de junho, explicou de forma did\u00e1tica como a Eco Vale atuava em etapas, aliando efici\u00eancia t\u00e9cnica \u00e0 responsabilidade ambiental.<\/p>\n<p data-start=\"1852\" data-end=\"1988\">A <strong data-start=\"1854\" data-end=\"1888\">C\u00e2mara Municipal de Rian\u00e1polis<\/strong>, por meio do presidente <strong data-start=\"1913\" data-end=\"1938\">Bruno Bezerra de Lima<\/strong>, tamb\u00e9m se manifestou por meio de nota oficial:<\/p>\n<blockquote data-start=\"1989\" data-end=\"2071\">\n<p data-start=\"1991\" data-end=\"2071\">\u201cManifesta profundo pesar pelo falecimento do Senhor Jesiel Jos\u00e9 do Nascimento\u201d.<\/p>\n<\/blockquote>\n<p data-start=\"2073\" data-end=\"2206\"><strong data-start=\"2073\" data-end=\"2145\">As causas da morte n\u00e3o foram confirmadas oficialmente at\u00e9 o momento.<\/strong> O caso est\u00e1 sendo acompanhado pelas autoridades competentes.<\/p>\n<p data-start=\"2208\" data-end=\"2388\"><strong data-start=\"2208\" data-end=\"2302\">Jesiel deixa um legado de comprometimento com o meio ambiente e com o progresso da regi\u00e3o.<\/strong> A todos os familiares e amigos, nossa solidariedade e respeito neste momento de luto.<\/p>\n<h3>Voc\u00ea tem Instagram?! Siga o Jornal Vale News e fique por dentro das principais not\u00edcias da regi\u00e3o:\u00a0<a href=\"https:\/\/www.instagram.com\/jornalvalenews\/\" target=\"_blank\" rel=\"noopener\">clique aqui!<\/a><\/h3>\n","protected":false},"excerpt":{"rendered":"<p>Faleceu nesta ter\u00e7a-feira (22\/07), o empres\u00e1rio Jesiel Jos\u00e9 do Nascimento, fundador da Eco Vale Ambiental, empresa sediada em Rian\u00e1polis (GO) e reconhecida em toda a regi\u00e3o do Vale do S\u00e3o Patr\u00edcio pela atua\u00e7\u00e3o no setor de gest\u00e3o de res\u00edduos s\u00f3lidos. A morte do empres\u00e1rio gerou forte como\u00e7\u00e3o no munic\u00edpio e mobilizou homenagens por parte do [&hellip;]<\/p>\n","protected":false},"author":1,"featured_media":3906,"comment_status":"open","ping_status":"open","sticky":false,"template":"","format":"standard","meta":{"om_disable_all_campaigns":false,"footnotes":"","jetpack_publicize_message":"","jetpack_publicize_feature_enabled":true,"jetpack_social_post_already_shared":true,"jetpack_social_options":{"image_generator_settings":{"template":"highway","enabled":false}}},"categories":[8,5,9],"tags":[524,513,690,689,448,230],"jetpack_publicize_connections":[],"jetpack_sharing_enabled":true,"jetpack_featured_media_url":"https:\/\/jornalvalenews.com.br\/wp-content\/uploads\/2025\/07\/Design-sem-nome-12.png","_links":{"self":[{"href":"https:\/\/jornalvalenews.com.br\/index.php\/wp-json\/wp\/v2\/posts\/3905"}],"collection":[{"href":"https:\/\/jornalvalenews.com.br\/index.php\/wp-json\/wp\/v2\/posts"}],"about":[{"href":"https:\/\/jornalvalenews.com.br\/index.php\/wp-json\/wp\/v2\/types\/post"}],"author":[{"embeddable":true,"href":"https:\/\/jornalvalenews.com.br\/index.php\/wp-json\/wp\/v2\/users\/1"}],"replies":[{"embeddable":true,"href":"https:\/\/jornalvalenews.com.br\/index.php\/wp-json\/wp\/v2\/comments?post=3905"}],"version-history":[{"count":1,"href":"https:\/\/jornalvalenews.com.br\/index.php\/wp-json\/wp\/v2\/posts\/3905\/revisions"}],"predecessor-version":[{"id":3907,"href":"https:\/\/jornalvalenews.com.br\/index.php\/wp-json\/wp\/v2\/posts\/3905\/revisions\/3907"}],"wp:featuredmedia":[{"embeddable":true,"href":"https:\/\/jornalvalenews.com.br\/index.php\/wp-json\/wp\/v2\/media\/3906"}],"wp:attachment":[{"href":"https:\/\/jornalvalenews.com.br\/index.php\/wp-json\/wp\/v2\/media?parent=3905"}],"wp:term":[{"taxonomy":"category","embeddable":true,"href":"https:\/\/jornalvalenews.com.br\/index.php\/wp-json\/wp\/v2\/categories?post=3905"},{"taxonomy":"post_tag","embeddable":true,"href":"https:\/\/jornalvalenews.com.br\/index.php\/wp-json\/wp\/v2\/tags?post=3905"}],"curies":[{"name":"wp","href":"https:\/\/api.w.org\/{rel}","templated":true}]}}