{"id":3776,"date":"2025-06-11T16:25:36","date_gmt":"2025-06-11T19:25:36","guid":{"rendered":"https:\/\/jornalvalenews.com.br\/?p=3776"},"modified":"2025-06-24T16:29:22","modified_gmt":"2025-06-24T19:29:22","slug":"camara-municipal-de-rianapolis-realiza-a-2a-sessao-ordinaria-de-junho-de-2025-confira","status":"publish","type":"post","link":"https:\/\/jornalvalenews.com.br\/index.php\/2025\/06\/11\/camara-municipal-de-rianapolis-realiza-a-2a-sessao-ordinaria-de-junho-de-2025-confira\/","title":{"rendered":"C\u00e2mara Municipal de Rian\u00e1polis Realiza a 2\u00aa Sess\u00e3o Ordin\u00e1ria de Junho de 2025: confira"},"content":{"rendered":"<p>&nbsp;<\/p>\n<p><a href=\"https:\/\/www.instagram.com\/camararianapolis\/\" target=\"_blank\" rel=\"noopener\"><img loading=\"lazy\" decoding=\"async\" class=\"alignnone\" src=\"https:\/\/jornalvalenews.com.br\/wp-content\/uploads\/2025\/03\/camara-de-rianapolis-02.png\" alt=\"\" width=\"2140\" height=\"1783\" \/><\/a><\/p>\n<div><\/div>\n<div>Na \u00faltima ter\u00e7a-feira, 10 de junho de 2025, a <strong>C\u00e2mara Municipal de Rian\u00e1polis<\/strong> realizou a 2\u00aa Sess\u00e3o Ordin\u00e1ria do m\u00eas, sob a presid\u00eancia do vereador Bruno Bezerra de Lima.<\/div>\n<div><\/div>\n<div>Estiveram presentes os vereadores Ac\u00e1cio Tostes, Ivone Rosa, Jouse Ribeiro, Marcelo Martins, Sebasti\u00e3o Ferreira e Zilmar Ribeiro. As aus\u00eancias justificadas foram dos vereadores Lucas Menezes e Sandra Alves.<\/div>\n<div><\/div>\n<div>\u2e3b<\/div>\n<div><\/div>\n<div><strong>Principais Delibera\u00e7\u00f5es<\/strong><\/div>\n<div><\/div>\n<div>1.\u2060 \u2060Leitura e Aprova\u00e7\u00e3o da Ata da Sess\u00e3o Anterior (03\/06\/2025):<\/div>\n<div>A ata foi lida, apreciada e aprovada por unanimidade.<\/div>\n<div><\/div>\n<div>2.\u2060 \u20602\u00aa Vota\u00e7\u00e3o e Aprova\u00e7\u00e3o do Projeto de Lei n\u00ba 007\/2025:<\/div>\n<div>O projeto de lei, que j\u00e1 havia sido aprovado em primeira vota\u00e7\u00e3o, foi submetido \u00e0 segunda vota\u00e7\u00e3o, acompanhado de uma emenda modificativa, e aprovado por unanimidade pelos vereadores presentes.<\/div>\n<div><\/div>\n<div>3.\u2060 \u2060Aprova\u00e7\u00e3o de Projetos de Lei Enviados pela Prefeitura e San\u00e7\u00e3o do Prefeito:<\/div>\n<div>Foram lidos e aprovados pela C\u00e2mara, e posteriormente sancionados pelo Prefeito Municipal, os seguintes projetos de lei:<\/div>\n<div>\u2022Projeto de Lei n\u00ba 008\/2025: Disp\u00f5e sobre a denomina\u00e7\u00e3o de um logradouro p\u00fablico, agora oficialmente denominado Rua Jo\u00e3o Alves Rodrigues.<\/div>\n<div>\u2022Projeto de Lei n\u00ba 009\/2025: Institui o Programa Municipal de Preven\u00e7\u00e3o e Combate \u00e0 Viol\u00eancia Dom\u00e9stica e Familiar contra a Mulher, com diretrizes para capacita\u00e7\u00e3o de agentes p\u00fablicos e atendimento humanizado \u00e0s v\u00edtimas.<\/div>\n<div>\u2022Projeto de Lei n\u00ba 010\/2025: Autoriza a desafeta\u00e7\u00e3o de uma \u00e1rea pertencente ao munic\u00edpio, destinada \u00e0 constru\u00e7\u00e3o de moradias populares.<\/div>\n<div><\/div>\n<div>\u2e3b<\/div>\n<div><\/div>\n<div>A aprova\u00e7\u00e3o desses projetos refor\u00e7a o comprometimento da C\u00e2mara Municipal e da Prefeitura de Rian\u00e1polis em atender \u00e0s demandas da popula\u00e7\u00e3o e promover melhorias significativas no munic\u00edpio.<\/div>\n<div><\/div>\n<div>Com a san\u00e7\u00e3o do prefeito Gilber Miranda, as medidas passam a ter for\u00e7a de lei, garantindo avan\u00e7os importantes para a comunidade.<\/div>\n","protected":false},"excerpt":{"rendered":"<p>&nbsp; Na \u00faltima ter\u00e7a-feira, 10 de junho de 2025, a C\u00e2mara Municipal de Rian\u00e1polis realizou a 2\u00aa Sess\u00e3o Ordin\u00e1ria do m\u00eas, sob a presid\u00eancia do vereador Bruno Bezerra de Lima. Estiveram presentes os vereadores Ac\u00e1cio Tostes, Ivone Rosa, Jouse Ribeiro, Marcelo Martins, Sebasti\u00e3o Ferreira e Zilmar Ribeiro. As aus\u00eancias justificadas foram dos vereadores Lucas Menezes [&hellip;]<\/p>\n","protected":false},"author":1,"featured_media":3778,"comment_status":"open","ping_status":"open","sticky":false,"template":"","format":"standard","meta":{"om_disable_all_campaigns":false,"footnotes":"","jetpack_publicize_message":"","jetpack_publicize_feature_enabled":true,"jetpack_social_post_already_shared":true,"jetpack_social_options":{"image_generator_settings":{"template":"highway","enabled":false}}},"categories":[8,5,9],"tags":[524,513,230],"jetpack_publicize_connections":[],"jetpack_sharing_enabled":true,"jetpack_featured_media_url":"https:\/\/jornalvalenews.com.br\/wp-content\/uploads\/2025\/06\/Captura-de-Tela-2025-06-24-as-16.21.18.png","_links":{"self":[{"href":"https:\/\/jornalvalenews.com.br\/index.php\/wp-json\/wp\/v2\/posts\/3776"}],"collection":[{"href":"https:\/\/jornalvalenews.com.br\/index.php\/wp-json\/wp\/v2\/posts"}],"about":[{"href":"https:\/\/jornalvalenews.com.br\/index.php\/wp-json\/wp\/v2\/types\/post"}],"author":[{"embeddable":true,"href":"https:\/\/jornalvalenews.com.br\/index.php\/wp-json\/wp\/v2\/users\/1"}],"replies":[{"embeddable":true,"href":"https:\/\/jornalvalenews.com.br\/index.php\/wp-json\/wp\/v2\/comments?post=3776"}],"version-history":[{"count":2,"href":"https:\/\/jornalvalenews.com.br\/index.php\/wp-json\/wp\/v2\/posts\/3776\/revisions"}],"predecessor-version":[{"id":3781,"href":"https:\/\/jornalvalenews.com.br\/index.php\/wp-json\/wp\/v2\/posts\/3776\/revisions\/3781"}],"wp:featuredmedia":[{"embeddable":true,"href":"https:\/\/jornalvalenews.com.br\/index.php\/wp-json\/wp\/v2\/media\/3778"}],"wp:attachment":[{"href":"https:\/\/jornalvalenews.com.br\/index.php\/wp-json\/wp\/v2\/media?parent=3776"}],"wp:term":[{"taxonomy":"category","embeddable":true,"href":"https:\/\/jornalvalenews.com.br\/index.php\/wp-json\/wp\/v2\/categories?post=3776"},{"taxonomy":"post_tag","embeddable":true,"href":"https:\/\/jornalvalenews.com.br\/index.php\/wp-json\/wp\/v2\/tags?post=3776"}],"curies":[{"name":"wp","href":"https:\/\/api.w.org\/{rel}","templated":true}]}}