{"id":3715,"date":"2025-06-10T16:18:35","date_gmt":"2025-06-10T19:18:35","guid":{"rendered":"https:\/\/jornalvalenews.com.br\/?p=3715"},"modified":"2025-06-10T16:18:35","modified_gmt":"2025-06-10T19:18:35","slug":"vereador-bruno-bezerra-de-lima-apoia-qualificacao-profissional-em-rianapolis-com-30-cursos-presenciais-e-hibridos-inscreva-se","status":"publish","type":"post","link":"https:\/\/jornalvalenews.com.br\/index.php\/2025\/06\/10\/vereador-bruno-bezerra-de-lima-apoia-qualificacao-profissional-em-rianapolis-com-30-cursos-presenciais-e-hibridos-inscreva-se\/","title":{"rendered":"Vereador Bruno Bezerra de Lima apoia qualifica\u00e7\u00e3o profissional em Rian\u00e1polis com 30 cursos presenciais e h\u00edbridos: inscreva-se"},"content":{"rendered":"<p data-start=\"509\" data-end=\"753\">\n<p data-start=\"509\" data-end=\"753\"><img loading=\"lazy\" decoding=\"async\" class=\"alignnone\" src=\"https:\/\/jornalvalenews.com.br\/wp-content\/uploads\/2024\/08\/novo-gif-dr.-paulo.gif\" alt=\"\" width=\"800\" height=\"666\" \/><\/p>\n<p data-start=\"509\" data-end=\"753\">\n<p data-start=\"509\" data-end=\"753\">Com foco na gera\u00e7\u00e3o de oportunidades para a juventude e trabalhadores em busca de recoloca\u00e7\u00e3o, o projeto <strong data-start=\"614\" data-end=\"639\">Juventude com Emprego<\/strong> chegou a <strong data-start=\"649\" data-end=\"668\">Rian\u00e1polis (GO)<\/strong> com o apoio do vereador e presidente da C\u00e2mara Municipal, <strong data-start=\"727\" data-end=\"752\">Bruno Bezerra de Lima<\/strong>.<\/p>\n<p data-start=\"755\" data-end=\"1122\">A iniciativa, promovida pelo <strong data-start=\"784\" data-end=\"824\">Centro Educacional Pleno de Bras\u00edlia<\/strong>, oferece <strong data-start=\"834\" data-end=\"867\">30 cursos profissionalizantes<\/strong> em diferentes \u00e1reas, como Administra\u00e7\u00e3o, Vendas, Sa\u00fade, Educa\u00e7\u00e3o e Comunica\u00e7\u00e3o. As forma\u00e7\u00f5es s\u00e3o oferecidas nas modalidades <strong data-start=\"992\" data-end=\"1013\">ao vivo e h\u00edbrida<\/strong>, com emiss\u00e3o de certificado ao final. As <strong data-start=\"1055\" data-end=\"1089\">inscri\u00e7\u00f5es v\u00e3o at\u00e9 11 de junho<\/strong>, com uma pequena taxa de ades\u00e3o de R$29,99.<\/p>\n<p data-start=\"1124\" data-end=\"1310\">Com sensibilidade \u00e0s demandas da popula\u00e7\u00e3o, Bruno viabilizou a chegada do projeto \u00e0 cidade, demonstrando seu comprometimento com o desenvolvimento humano e profissional dos rianapolinos.<\/p>\n<blockquote data-start=\"1312\" data-end=\"1426\">\n<p data-start=\"1314\" data-end=\"1426\"><em data-start=\"1314\" data-end=\"1406\">\u201c\u00c9 uma forma de ajudar a comunidade a adquirir conhecimento com um custo muito acess\u00edvel\u201d,<\/em> afirmou o vereador.<\/p>\n<\/blockquote>\n<p data-start=\"1428\" data-end=\"1699\">Ao se matricular, o participante pode escolher <strong data-start=\"1475\" data-end=\"1490\">dois cursos<\/strong>: um da categoria ades\u00e3o e outro h\u00edbrido. Entre as op\u00e7\u00f5es est\u00e3o: Recepcionista, Auxiliar Administrativo, Empreendedorismo, Instagram para Neg\u00f3cios, Reda\u00e7\u00e3o para o Enem, Telemarketing, Cuidadores, entre outros.<\/p>\n<p data-start=\"1701\" data-end=\"1807\">Os interessados podem obter mais informa\u00e7\u00f5es ou garantir sua inscri\u00e7\u00e3o pelo WhatsApp: <strong data-start=\"1787\" data-end=\"1806\">(61) 99635\u20115562<\/strong>.<\/p>\n<p data-start=\"1809\" data-end=\"2085\">Com essa a\u00e7\u00e3o, <strong data-start=\"1824\" data-end=\"1941\">Bruno demonstra seu papel como agente ativo na promo\u00e7\u00e3o de pol\u00edticas de educa\u00e7\u00e3o e empregabilidade<\/strong>, atuando de forma direta, enquanto cidad\u00e3o e representante do povo, no incentivo ao acesso ao conhecimento e ao progresso social em Rian\u00e1polis.<\/p>\n<p data-start=\"1809\" data-end=\"2085\"><img loading=\"lazy\" decoding=\"async\" class=\"wp-image-3716 aligncenter\" src=\"https:\/\/jornalvalenews.com.br\/wp-content\/uploads\/2025\/06\/494858545_1071754968161167_5692343715962578305_n-240x300.jpg\" alt=\"\" width=\"750\" height=\"937\" srcset=\"https:\/\/jornalvalenews.com.br\/wp-content\/uploads\/2025\/06\/494858545_1071754968161167_5692343715962578305_n-240x300.jpg 240w, https:\/\/jornalvalenews.com.br\/wp-content\/uploads\/2025\/06\/494858545_1071754968161167_5692343715962578305_n.jpg 644w\" sizes=\"(max-width: 750px) 100vw, 750px\" \/><\/p>\n<p data-start=\"1809\" data-end=\"2085\"><img loading=\"lazy\" decoding=\"async\" class=\"wp-image-3717 aligncenter\" src=\"https:\/\/jornalvalenews.com.br\/wp-content\/uploads\/2025\/06\/495269552_1060011362137722_2342811520916220484_n-240x300.jpg\" alt=\"\" width=\"750\" height=\"938\" srcset=\"https:\/\/jornalvalenews.com.br\/wp-content\/uploads\/2025\/06\/495269552_1060011362137722_2342811520916220484_n-240x300.jpg 240w, https:\/\/jornalvalenews.com.br\/wp-content\/uploads\/2025\/06\/495269552_1060011362137722_2342811520916220484_n.jpg 644w\" sizes=\"(max-width: 750px) 100vw, 750px\" \/><\/p>\n","protected":false},"excerpt":{"rendered":"<p>Com foco na gera\u00e7\u00e3o de oportunidades para a juventude e trabalhadores em busca de recoloca\u00e7\u00e3o, o projeto Juventude com Emprego chegou a Rian\u00e1polis (GO) com o apoio do vereador e presidente da C\u00e2mara Municipal, Bruno Bezerra de Lima. A iniciativa, promovida pelo Centro Educacional Pleno de Bras\u00edlia, oferece 30 cursos profissionalizantes em diferentes \u00e1reas, como [&hellip;]<\/p>\n","protected":false},"author":1,"featured_media":3718,"comment_status":"open","ping_status":"open","sticky":false,"template":"","format":"standard","meta":{"om_disable_all_campaigns":false,"footnotes":"","jetpack_publicize_message":"","jetpack_publicize_feature_enabled":true,"jetpack_social_post_already_shared":true,"jetpack_social_options":{"image_generator_settings":{"template":"highway","enabled":false}}},"categories":[8,5,9],"tags":[524,230,645],"jetpack_publicize_connections":[],"jetpack_sharing_enabled":true,"jetpack_featured_media_url":"https:\/\/jornalvalenews.com.br\/wp-content\/uploads\/2025\/06\/Design-sem-nome.png","_links":{"self":[{"href":"https:\/\/jornalvalenews.com.br\/index.php\/wp-json\/wp\/v2\/posts\/3715"}],"collection":[{"href":"https:\/\/jornalvalenews.com.br\/index.php\/wp-json\/wp\/v2\/posts"}],"about":[{"href":"https:\/\/jornalvalenews.com.br\/index.php\/wp-json\/wp\/v2\/types\/post"}],"author":[{"embeddable":true,"href":"https:\/\/jornalvalenews.com.br\/index.php\/wp-json\/wp\/v2\/users\/1"}],"replies":[{"embeddable":true,"href":"https:\/\/jornalvalenews.com.br\/index.php\/wp-json\/wp\/v2\/comments?post=3715"}],"version-history":[{"count":1,"href":"https:\/\/jornalvalenews.com.br\/index.php\/wp-json\/wp\/v2\/posts\/3715\/revisions"}],"predecessor-version":[{"id":3719,"href":"https:\/\/jornalvalenews.com.br\/index.php\/wp-json\/wp\/v2\/posts\/3715\/revisions\/3719"}],"wp:featuredmedia":[{"embeddable":true,"href":"https:\/\/jornalvalenews.com.br\/index.php\/wp-json\/wp\/v2\/media\/3718"}],"wp:attachment":[{"href":"https:\/\/jornalvalenews.com.br\/index.php\/wp-json\/wp\/v2\/media?parent=3715"}],"wp:term":[{"taxonomy":"category","embeddable":true,"href":"https:\/\/jornalvalenews.com.br\/index.php\/wp-json\/wp\/v2\/categories?post=3715"},{"taxonomy":"post_tag","embeddable":true,"href":"https:\/\/jornalvalenews.com.br\/index.php\/wp-json\/wp\/v2\/tags?post=3715"}],"curies":[{"name":"wp","href":"https:\/\/api.w.org\/{rel}","templated":true}]}}