{"id":359,"date":"2024-04-11T19:32:08","date_gmt":"2024-04-11T22:32:08","guid":{"rendered":"https:\/\/jornalvalenews.com.br\/?p=359"},"modified":"2024-04-11T19:35:24","modified_gmt":"2024-04-11T22:35:24","slug":"prefeitura-de-ceres-ira-promover-nesta-sexta-feira-12-evento-com-servicos-gratuitos-de-saude-confira","status":"publish","type":"post","link":"https:\/\/jornalvalenews.com.br\/index.php\/2024\/04\/11\/prefeitura-de-ceres-ira-promover-nesta-sexta-feira-12-evento-com-servicos-gratuitos-de-saude-confira\/","title":{"rendered":"Prefeitura de Ceres ir\u00e1 promover, nesta sexta-feira (12), evento com servi\u00e7os gratuitos de sa\u00fade: confira"},"content":{"rendered":"<p>&nbsp;<\/p>\n<p><a href=\"https:\/\/ceres.go.gov.br\/\" target=\"_blank\" rel=\"noopener\"><img loading=\"lazy\" decoding=\"async\" class=\"aligncenter\" src=\"https:\/\/jornalvalenews.com.br\/wp-content\/uploads\/2024\/03\/banner-prefeitura-de-ceres.png\" alt=\"\" width=\"350\" height=\"280\" \/><\/a><\/p>\n<p>&nbsp;<\/p>\n<p>A Prefeitura de Ceres, em parceria com o Servi\u00e7o Nacional de Aprendizagem Comercial (Senac), tem o prazer de convidar toda a comunidade para um evento especial de atendimento na \u00e1rea da Sa\u00fade.<\/p>\n<p>O evento acontecer\u00e1 nesta sexta-feira, 12 de abril, a partir das 13h, na Pra\u00e7a C\u00edvica de Ceres. Na ocasi\u00e3o ser\u00e3o oferecidos servi\u00e7os gratuitos, como: aferi\u00e7\u00e3o de press\u00e3o arterial; testes de glicemia capilar; monitoramento de peso e IMC e testes r\u00e1pidos para s\u00edfilis e hepatite. Al\u00e9m disso, haver\u00e1 a &#8220;Feira Gastron\u00f4mica&#8221;, que contar\u00e1 com deliciosas op\u00e7\u00f5es de comida.<\/p>\n<p>A Secretaria de Sa\u00fade de Ceres, por meio do evento, reitera seu compromisso com o bem-estar da popula\u00e7\u00e3o. N\u00e3o perca esta oportunidade de cuidar de voc\u00ea e de sua fam\u00edlia.<\/p>\n","protected":false},"excerpt":{"rendered":"<p>&nbsp; &nbsp; A Prefeitura de Ceres, em parceria com o Servi\u00e7o Nacional de Aprendizagem Comercial (Senac), tem o prazer de convidar toda a comunidade para um evento especial de atendimento na \u00e1rea da Sa\u00fade. O evento acontecer\u00e1 nesta sexta-feira, 12 de abril, a partir das 13h, na Pra\u00e7a C\u00edvica de Ceres. Na ocasi\u00e3o ser\u00e3o oferecidos [&hellip;]<\/p>\n","protected":false},"author":1,"featured_media":360,"comment_status":"open","ping_status":"open","sticky":false,"template":"","format":"standard","meta":{"om_disable_all_campaigns":false,"footnotes":"","jetpack_publicize_message":"","jetpack_publicize_feature_enabled":true,"jetpack_social_post_already_shared":true,"jetpack_social_options":{"image_generator_settings":{"template":"highway","enabled":false}}},"categories":[11,5,46],"tags":[],"jetpack_publicize_connections":[],"jetpack_sharing_enabled":true,"jetpack_featured_media_url":"https:\/\/jornalvalenews.com.br\/wp-content\/uploads\/2024\/04\/Design-sem-nome-18.png","_links":{"self":[{"href":"https:\/\/jornalvalenews.com.br\/index.php\/wp-json\/wp\/v2\/posts\/359"}],"collection":[{"href":"https:\/\/jornalvalenews.com.br\/index.php\/wp-json\/wp\/v2\/posts"}],"about":[{"href":"https:\/\/jornalvalenews.com.br\/index.php\/wp-json\/wp\/v2\/types\/post"}],"author":[{"embeddable":true,"href":"https:\/\/jornalvalenews.com.br\/index.php\/wp-json\/wp\/v2\/users\/1"}],"replies":[{"embeddable":true,"href":"https:\/\/jornalvalenews.com.br\/index.php\/wp-json\/wp\/v2\/comments?post=359"}],"version-history":[{"count":1,"href":"https:\/\/jornalvalenews.com.br\/index.php\/wp-json\/wp\/v2\/posts\/359\/revisions"}],"predecessor-version":[{"id":361,"href":"https:\/\/jornalvalenews.com.br\/index.php\/wp-json\/wp\/v2\/posts\/359\/revisions\/361"}],"wp:featuredmedia":[{"embeddable":true,"href":"https:\/\/jornalvalenews.com.br\/index.php\/wp-json\/wp\/v2\/media\/360"}],"wp:attachment":[{"href":"https:\/\/jornalvalenews.com.br\/index.php\/wp-json\/wp\/v2\/media?parent=359"}],"wp:term":[{"taxonomy":"category","embeddable":true,"href":"https:\/\/jornalvalenews.com.br\/index.php\/wp-json\/wp\/v2\/categories?post=359"},{"taxonomy":"post_tag","embeddable":true,"href":"https:\/\/jornalvalenews.com.br\/index.php\/wp-json\/wp\/v2\/tags?post=359"}],"curies":[{"name":"wp","href":"https:\/\/api.w.org\/{rel}","templated":true}]}}