{"id":3371,"date":"2025-05-21T19:42:35","date_gmt":"2025-05-21T22:42:35","guid":{"rendered":"https:\/\/jornalvalenews.com.br\/?p=3371"},"modified":"2025-05-22T01:50:59","modified_gmt":"2025-05-22T04:50:59","slug":"camara-municipal-de-rianapolis-realiza-3a-sessao-ordinaria-de-maio-de-2025","status":"publish","type":"post","link":"https:\/\/jornalvalenews.com.br\/index.php\/2025\/05\/21\/camara-municipal-de-rianapolis-realiza-3a-sessao-ordinaria-de-maio-de-2025\/","title":{"rendered":"C\u00e2mara Municipal de Rian\u00e1polis realiza 3\u00aa sess\u00e3o ordin\u00e1ria de maio de 2025"},"content":{"rendered":"<p data-start=\"269\" data-end=\"553\"><a href=\"https:\/\/www.instagram.com\/camararianapolis\/\" target=\"_blank\" rel=\"noopener\"><img loading=\"lazy\" decoding=\"async\" class=\"alignnone\" src=\"https:\/\/jornalvalenews.com.br\/wp-content\/uploads\/2025\/03\/camara-de-rianapolis-02.png\" alt=\"\" width=\"2140\" height=\"1783\" \/><\/a><\/p>\n<p data-start=\"269\" data-end=\"553\">No dia 20 de maio de 2025, sob a presid\u00eancia do <strong data-start=\"317\" data-end=\"351\">vereador Bruno Bezerra de Lima<\/strong>, foi realizada a <strong data-start=\"369\" data-end=\"426\">3\u00aa sess\u00e3o ordin\u00e1ria da C\u00e2mara Municipal de Rian\u00e1polis<\/strong>. Durante a reuni\u00e3o, foi lida e aprovada, por unanimidade, <strong data-start=\"485\" data-end=\"513\">a ata da sess\u00e3o anterior<\/strong>, que ocorreu no dia 13 de maio de 2025.<\/p>\n<p data-start=\"555\" data-end=\"939\">Um dos <strong data-start=\"562\" data-end=\"585\">destaques da sess\u00e3o<\/strong> foi a leitura de um <strong data-start=\"606\" data-end=\"682\">of\u00edcio enviado pelo Tribunal de Contas dos Munic\u00edpios do Estado de Goi\u00e1s<\/strong>. O documento, assinado pelo <strong data-start=\"711\" data-end=\"767\">presidente do Tribunal, Joaquim Alves de Castro Neto<\/strong>, convidava os vereadores e servidores da C\u00e2mara para o <strong data-start=\"823\" data-end=\"848\">15\u00ba Encontro Regional<\/strong>, que ser\u00e1 realizado no dia 12 de junho de 2025, na <strong data-start=\"900\" data-end=\"938\">C\u00e2mara Municipal de Padre Bernardo<\/strong>.<\/p>\n<p data-start=\"941\" data-end=\"1148\">O encontro abordar\u00e1 temas como <strong data-start=\"972\" data-end=\"1006\">a atualiza\u00e7\u00e3o de normas legais<\/strong>, <strong data-start=\"1008\" data-end=\"1057\">a nova Lei de Licita\u00e7\u00f5es (Lei n\u00ba 14.133\/2021)<\/strong>, e <strong data-start=\"1061\" data-end=\"1147\">boas pr\u00e1ticas administrativas voltadas \u00e0 legalidade e efici\u00eancia na gest\u00e3o p\u00fablica<\/strong>.<\/p>\n<p data-start=\"1150\" data-end=\"1467\">O of\u00edcio tamb\u00e9m ressaltou a <strong data-start=\"1178\" data-end=\"1286\">import\u00e2ncia da participa\u00e7\u00e3o de servidores ligados \u00e0s \u00e1reas de controle interno, finan\u00e7as e administra\u00e7\u00e3o<\/strong>, com o objetivo de aprimorar o trabalho realizado nos munic\u00edpios. O evento contar\u00e1 com <strong data-start=\"1374\" data-end=\"1466\">debates e palestras que prometem enriquecer a atua\u00e7\u00e3o dos gestores e servidores p\u00fablicos<\/strong>.<\/p>\n<p data-start=\"1469\" data-end=\"1749\">Encerrando a leitura, o <strong data-start=\"1493\" data-end=\"1517\">presidente da C\u00e2mara<\/strong> destacou que a <strong data-start=\"1533\" data-end=\"1666\">participa\u00e7\u00e3o no evento ser\u00e1 uma oportunidade para ampliar o conhecimento e a capacita\u00e7\u00e3o t\u00e9cnica dos representantes de Rian\u00e1polis<\/strong>, colocando o munic\u00edpio em sintonia com <strong data-start=\"1706\" data-end=\"1748\">as melhores pr\u00e1ticas de gest\u00e3o p\u00fablica<\/strong>.<\/p>\n","protected":false},"excerpt":{"rendered":"<p>No dia 20 de maio de 2025, sob a presid\u00eancia do vereador Bruno Bezerra de Lima, foi realizada a 3\u00aa sess\u00e3o ordin\u00e1ria da C\u00e2mara Municipal de Rian\u00e1polis. Durante a reuni\u00e3o, foi lida e aprovada, por unanimidade, a ata da sess\u00e3o anterior, que ocorreu no dia 13 de maio de 2025. Um dos destaques da sess\u00e3o [&hellip;]<\/p>\n","protected":false},"author":1,"featured_media":3372,"comment_status":"open","ping_status":"open","sticky":false,"template":"","format":"standard","meta":{"om_disable_all_campaigns":false,"footnotes":"","jetpack_publicize_message":"","jetpack_publicize_feature_enabled":true,"jetpack_social_post_already_shared":true,"jetpack_social_options":{"image_generator_settings":{"template":"highway","enabled":false}}},"categories":[8,5,9],"tags":[524,513,600,448,230],"jetpack_publicize_connections":[],"jetpack_sharing_enabled":true,"jetpack_featured_media_url":"https:\/\/jornalvalenews.com.br\/wp-content\/uploads\/2025\/05\/Captura-de-Tela-2025-05-22-as-01.46.53.png","_links":{"self":[{"href":"https:\/\/jornalvalenews.com.br\/index.php\/wp-json\/wp\/v2\/posts\/3371"}],"collection":[{"href":"https:\/\/jornalvalenews.com.br\/index.php\/wp-json\/wp\/v2\/posts"}],"about":[{"href":"https:\/\/jornalvalenews.com.br\/index.php\/wp-json\/wp\/v2\/types\/post"}],"author":[{"embeddable":true,"href":"https:\/\/jornalvalenews.com.br\/index.php\/wp-json\/wp\/v2\/users\/1"}],"replies":[{"embeddable":true,"href":"https:\/\/jornalvalenews.com.br\/index.php\/wp-json\/wp\/v2\/comments?post=3371"}],"version-history":[{"count":2,"href":"https:\/\/jornalvalenews.com.br\/index.php\/wp-json\/wp\/v2\/posts\/3371\/revisions"}],"predecessor-version":[{"id":3374,"href":"https:\/\/jornalvalenews.com.br\/index.php\/wp-json\/wp\/v2\/posts\/3371\/revisions\/3374"}],"wp:featuredmedia":[{"embeddable":true,"href":"https:\/\/jornalvalenews.com.br\/index.php\/wp-json\/wp\/v2\/media\/3372"}],"wp:attachment":[{"href":"https:\/\/jornalvalenews.com.br\/index.php\/wp-json\/wp\/v2\/media?parent=3371"}],"wp:term":[{"taxonomy":"category","embeddable":true,"href":"https:\/\/jornalvalenews.com.br\/index.php\/wp-json\/wp\/v2\/categories?post=3371"},{"taxonomy":"post_tag","embeddable":true,"href":"https:\/\/jornalvalenews.com.br\/index.php\/wp-json\/wp\/v2\/tags?post=3371"}],"curies":[{"name":"wp","href":"https:\/\/api.w.org\/{rel}","templated":true}]}}