{"id":3353,"date":"2025-05-21T18:45:40","date_gmt":"2025-05-21T21:45:40","guid":{"rendered":"https:\/\/jornalvalenews.com.br\/?p=3353"},"modified":"2025-05-21T18:45:40","modified_gmt":"2025-05-21T21:45:40","slug":"camara-municipal-de-ceres-realiza-a-3a-sessao-ordinaria-de-maio-de-2025-e-aprova-importantes-pautas-confira","status":"publish","type":"post","link":"https:\/\/jornalvalenews.com.br\/index.php\/2025\/05\/21\/camara-municipal-de-ceres-realiza-a-3a-sessao-ordinaria-de-maio-de-2025-e-aprova-importantes-pautas-confira\/","title":{"rendered":"C\u00e2mara Municipal de Ceres realiza a 3\u00aa Sess\u00e3o Ordin\u00e1ria de maio de 2025 e aprova importantes pautas: confira"},"content":{"rendered":"<p data-start=\"346\" data-end=\"529\">\n<p style=\"text-align: center;\" data-start=\"346\" data-end=\"529\"><a href=\"https:\/\/api.whatsapp.com\/send?phone=5562998212725&amp;text=Ol%C3%A1,%20gostaria%20de%20falar%20com%20a%20secret%C3%A1ria%20do%20Dr.%20Paulo%20e%20Dra.%20Caroline\" target=\"_blank\" rel=\"noopener\"><img loading=\"lazy\" decoding=\"async\" class=\"alignnone\" src=\"https:\/\/jornalvalenews.com.br\/wp-content\/uploads\/2024\/08\/novo-gif-dr.-paulo.gif\" alt=\"\" width=\"800\" height=\"666\" \/><\/a><\/p>\n<p data-start=\"346\" data-end=\"529\">\n<p data-start=\"346\" data-end=\"529\">Na \u00faltima ter\u00e7a-feira, dia 20, foi realizada a 3\u00aa Sess\u00e3o Ordin\u00e1ria do m\u00eas de maio de 2025 da C\u00e2mara Municipal de Ceres, sob a presid\u00eancia do vereador Glic\u00e9rio de Moraes Mendes J\u00fanior.<\/p>\n<p data-start=\"531\" data-end=\"589\">Na oportunidade, foi votada e aprovada a seguinte mat\u00e9ria:<\/p>\n<p data-start=\"591\" data-end=\"801\">Aprovado, em segunda vota\u00e7\u00e3o, o Projeto de Lei n\u00ba 014\/2025, de autoria do Poder Executivo, que \u201cAutoriza o Munic\u00edpio de Ceres a firmar conv\u00eanio com a Associa\u00e7\u00e3o Esportiva Vila Pedrosa e d\u00e1 outras provid\u00eancias.\u201d<\/p>\n<p data-start=\"803\" data-end=\"820\"><strong data-start=\"803\" data-end=\"820\">REQUERIMENTOS<\/strong><\/p>\n<p data-start=\"822\" data-end=\"1041\"><strong data-start=\"822\" data-end=\"838\">N\u00ba 102\/2025:<\/strong> De autoria do vereador Juliano Garcia Rosa, <strong data-start=\"883\" data-end=\"897\">que requer<\/strong> ao Chefe do Poder Executivo e \u00e0 Secretaria de Sa\u00fade a contrata\u00e7\u00e3o de um oftalmologista pedi\u00e1trico para o atendimento das crian\u00e7as do munic\u00edpio.<\/p>\n<p data-start=\"1043\" data-end=\"1513\"><strong data-start=\"1043\" data-end=\"1061\">Justificativa:<\/strong> O profissional oftalmologista atualmente conveniado com o Munic\u00edpio realiza atendimentos a crian\u00e7as a partir de 10 (dez) anos de idade, verificando-se uma lacuna significativa na assist\u00eancia oftalmol\u00f3gica preventiva destinada ao p\u00fablico infantil de menor faixa et\u00e1ria. Diante da aus\u00eancia desse atendimento essencial na rede municipal, torna-se urgente e necess\u00e1ria a contrata\u00e7\u00e3o de profissional oftalmologista para atender crian\u00e7as de todas as idades.<\/p>\n<p data-start=\"1515\" data-end=\"1849\"><strong data-start=\"1515\" data-end=\"1531\">N\u00ba 103\/2025:<\/strong> De autoria do vereador Reginaldo Liberato de Azevedo, <strong data-start=\"1586\" data-end=\"1600\">que requer<\/strong> ao Chefe do Poder Executivo e \u00e0 Secretaria de Obras que seja providenciada a pavimenta\u00e7\u00e3o asf\u00e1ltica de trechos n\u00e3o asfaltados de tr\u00eas vias p\u00fablicas localizadas no Setor Milton Ferreira, quais sejam: Rua Flamboyant, Rua dos Ip\u00eas e Rua das Paineiras.<\/p>\n<p data-start=\"1851\" data-end=\"2046\"><strong data-start=\"1851\" data-end=\"1869\">Justificativa:<\/strong> A realiza\u00e7\u00e3o desta obra atender\u00e1 uma demanda antiga da comunidade local, promovendo melhor qualidade de vida, valoriza\u00e7\u00e3o dos im\u00f3veis e melhores condi\u00e7\u00f5es de mobilidade urbana.<\/p>\n<p data-start=\"2048\" data-end=\"2469\"><strong data-start=\"2048\" data-end=\"2064\">N\u00ba 104\/2025:<\/strong> De autoria do vereador Reginaldo Liberato de Azevedo, <strong data-start=\"2119\" data-end=\"2133\">que requer<\/strong> ao Chefe do Poder Executivo Municipal, \u00e0 Secretaria de Obras e \u00e0 Secretaria Municipal de Esportes, Cultura e Lazer que seja realizado um estudo t\u00e9cnico com o objetivo de viabilizar a revitaliza\u00e7\u00e3o do campo de futebol &#8220;Neudo Del Fava&#8221;, localizado em frente \u00e0 Unidade B\u00e1sica de Sa\u00fade, no Setor Petr\u00f3polis, visando as seguintes melhorias:<\/p>\n<ol data-start=\"2471\" data-end=\"3188\">\n<li data-start=\"2471\" data-end=\"2543\">\n<p data-start=\"2474\" data-end=\"2543\">Constru\u00e7\u00e3o de muro de arrimo para conten\u00e7\u00e3o e seguran\u00e7a do terreno;<\/p>\n<\/li>\n<li data-start=\"2544\" data-end=\"2577\">\n<p data-start=\"2547\" data-end=\"2577\">Instala\u00e7\u00e3o de arquibancadas;<\/p>\n<\/li>\n<li data-start=\"2578\" data-end=\"2664\">\n<p data-start=\"2581\" data-end=\"2664\">Constru\u00e7\u00e3o de cal\u00e7adas ao redor do campo, garantindo seguran\u00e7a para os pedestres;<\/p>\n<\/li>\n<li data-start=\"2665\" data-end=\"2801\">\n<p data-start=\"2668\" data-end=\"2801\">Troca das l\u00e2mpadas e melhoria da ilumina\u00e7\u00e3o p\u00fablica, possibilitando a pr\u00e1tica esportiva noturna com maior visibilidade e seguran\u00e7a;<\/p>\n<\/li>\n<li data-start=\"2802\" data-end=\"2919\">\n<p data-start=\"2805\" data-end=\"2919\">Instala\u00e7\u00e3o de bebedouros e banheiros p\u00fablicos, oferecendo melhores condi\u00e7\u00f5es de higiene e conforto aos usu\u00e1rios;<\/p>\n<\/li>\n<li data-start=\"2920\" data-end=\"3015\">\n<p data-start=\"2923\" data-end=\"3015\">Constru\u00e7\u00e3o de uma despensa ou dep\u00f3sito para armazenar materiais esportivos e equipamentos;<\/p>\n<\/li>\n<li data-start=\"3016\" data-end=\"3078\">\n<p data-start=\"3019\" data-end=\"3078\">Revitaliza\u00e7\u00e3o do campo de futebol e das quadras de areia;<\/p>\n<\/li>\n<li data-start=\"3079\" data-end=\"3188\">\n<p data-start=\"3082\" data-end=\"3188\">Instala\u00e7\u00e3o de alambrado ao redor de todo o complexo esportivo, visando \u00e0 prote\u00e7\u00e3o e conserva\u00e7\u00e3o do espa\u00e7o.<\/p>\n<\/li>\n<\/ol>\n<p data-start=\"3190\" data-end=\"3459\"><strong data-start=\"3190\" data-end=\"3206\">N\u00ba 105\/2025:<\/strong> De autoria da vereadora Juliana Silveira, <strong data-start=\"3249\" data-end=\"3263\">que requer<\/strong> ao Chefe do Poder Executivo e \u00e0 Secretaria Municipal de Sa\u00fade a aquisi\u00e7\u00e3o de um aparelho celular corporativo, bem como a disponibiliza\u00e7\u00e3o de n\u00famero telef\u00f4nico ativo para atendimento da popula\u00e7\u00e3o.<\/p>\n<p data-start=\"3461\" data-end=\"3737\"><strong data-start=\"3461\" data-end=\"3479\">Justificativa:<\/strong> Justifica-se a presente solicita\u00e7\u00e3o em raz\u00e3o de que o n\u00famero anteriormente utilizado encontra-se inativo h\u00e1 cinco meses, o que tem gerado graves preju\u00edzos na comunica\u00e7\u00e3o com os usu\u00e1rios dos servi\u00e7os de sa\u00fade, al\u00e9m de comprometer a efici\u00eancia do atendimento.<\/p>\n<p data-start=\"3739\" data-end=\"4067\"><strong data-start=\"3739\" data-end=\"3755\">N\u00ba 106\/2025:<\/strong> De autoria do vereador Maur\u00edcio Pereira Mendes, <strong data-start=\"3804\" data-end=\"3818\">que requer<\/strong> ao Chefe do Poder Executivo Municipal, \u00e0 Secretaria de Obras e \u00e0 Secretaria de Infraestrutura que sejam tomadas as provid\u00eancias necess\u00e1rias para a realiza\u00e7\u00e3o de opera\u00e7\u00e3o tapa-buracos em toda a extens\u00e3o da Rua 02, no Setor Machado Correia, Ceres-GO.<\/p>\n<p data-start=\"4069\" data-end=\"4114\"><strong data-start=\"4069\" data-end=\"4087\">Justificativa:<\/strong> Solicita\u00e7\u00e3o dos moradores.<\/p>\n<p data-start=\"4116\" data-end=\"4369\"><strong data-start=\"4116\" data-end=\"4132\">N\u00ba 107\/2025:<\/strong> De autoria do vereador Lucas Rodrigues de Melo, <strong data-start=\"4181\" data-end=\"4195\">que requer<\/strong> ao Chefe do Poder Executivo e \u00e0 Secretaria do Meio Ambiente o estudo e an\u00e1lise para a aquisi\u00e7\u00e3o de um britador destinado ao processamento de entulho e material de demoli\u00e7\u00e3o.<\/p>\n<p data-start=\"4371\" data-end=\"4803\"><strong data-start=\"4371\" data-end=\"4389\">Justificativa:<\/strong> A presente solicita\u00e7\u00e3o se fundamenta na necessidade de otimizar a gest\u00e3o dos res\u00edduos s\u00f3lidos da constru\u00e7\u00e3o civil em nosso munic\u00edpio. A aquisi\u00e7\u00e3o de um britador municipal permitir\u00e1 a transforma\u00e7\u00e3o desses res\u00edduos em agregados reciclados, que podem ser empregados de forma eficiente e econ\u00f4mica na base de terraplanagem para obras vi\u00e1rias, pavimenta\u00e7\u00e3o, nivelamento de terrenos e outras infraestruturas municipais.<\/p>\n<p data-start=\"4805\" data-end=\"5182\"><strong data-start=\"4805\" data-end=\"4821\">N\u00ba 108\/2025:<\/strong> De autoria do vereador Norvandi \u00c2ngelo da Silva, <strong data-start=\"4871\" data-end=\"4885\">que requer<\/strong> ao Chefe do Poder Executivo, \u00e0 Secretaria Municipal de Esportes, Cultura e Lazer e \u00e0 Secretaria Municipal de Infraestrutura que seja providenciada a ro\u00e7agem e limpeza da Quadra Municipal Poliesportiva de Ceres &#8220;S\u00edlvio da Concei\u00e7\u00e3o (Moch\u00ea)&#8221;, localizada na Rua Manoel Pereira Duarte, Setor Central.<\/p>\n<p data-start=\"5184\" data-end=\"5414\"><strong data-start=\"5184\" data-end=\"5202\">Justificativa:<\/strong> A atual situa\u00e7\u00e3o do espa\u00e7o encontra-se em condi\u00e7\u00f5es prec\u00e1rias, com mato alto e ac\u00famulo de res\u00edduos, o que compromete a pr\u00e1tica esportiva, a seguran\u00e7a dos frequentadores e a imagem do pr\u00f3prio equipamento p\u00fablico.<\/p>\n<p data-start=\"5459\" data-end=\"5606\">\n\ud83d\udcf2 <strong data-start=\"111\" data-end=\"153\">Acompanhe os trabalhos do Legislativo!<br \/>\n<\/strong><br data-start=\"153\" data-end=\"156\" \/>Siga a C\u00e2mara Municipal de Ceres no Instagram e fique por dentro de tudo que acontece nas sess\u00f5es e a\u00e7\u00f5es parlamentares: \ud83d\udc49 <a class=\"\" href=\"https:\/\/www.instagram.com\/camaramunicipaldeceres\/\" target=\"_blank\" rel=\"noopener\" data-start=\"282\" data-end=\"358\" data-is-last-node=\"\">@camaramunicipaldeceres<\/a><\/p>\n","protected":false},"excerpt":{"rendered":"<p>Na \u00faltima ter\u00e7a-feira, dia 20, foi realizada a 3\u00aa Sess\u00e3o Ordin\u00e1ria do m\u00eas de maio de 2025 da C\u00e2mara Municipal de Ceres, sob a presid\u00eancia do vereador Glic\u00e9rio de Moraes Mendes J\u00fanior. Na oportunidade, foi votada e aprovada a seguinte mat\u00e9ria: Aprovado, em segunda vota\u00e7\u00e3o, o Projeto de Lei n\u00ba 014\/2025, de autoria do Poder [&hellip;]<\/p>\n","protected":false},"author":1,"featured_media":3354,"comment_status":"open","ping_status":"open","sticky":false,"template":"","format":"standard","meta":{"om_disable_all_campaigns":false,"footnotes":"","jetpack_publicize_message":"","jetpack_publicize_feature_enabled":true,"jetpack_social_post_already_shared":true,"jetpack_social_options":{"image_generator_settings":{"template":"highway","enabled":false}}},"categories":[11,8,5,9],"tags":[447,532,531,15],"jetpack_publicize_connections":[],"jetpack_sharing_enabled":true,"jetpack_featured_media_url":"https:\/\/jornalvalenews.com.br\/wp-content\/uploads\/2025\/05\/Camara-Municipal-de-Ceres.jpg","_links":{"self":[{"href":"https:\/\/jornalvalenews.com.br\/index.php\/wp-json\/wp\/v2\/posts\/3353"}],"collection":[{"href":"https:\/\/jornalvalenews.com.br\/index.php\/wp-json\/wp\/v2\/posts"}],"about":[{"href":"https:\/\/jornalvalenews.com.br\/index.php\/wp-json\/wp\/v2\/types\/post"}],"author":[{"embeddable":true,"href":"https:\/\/jornalvalenews.com.br\/index.php\/wp-json\/wp\/v2\/users\/1"}],"replies":[{"embeddable":true,"href":"https:\/\/jornalvalenews.com.br\/index.php\/wp-json\/wp\/v2\/comments?post=3353"}],"version-history":[{"count":1,"href":"https:\/\/jornalvalenews.com.br\/index.php\/wp-json\/wp\/v2\/posts\/3353\/revisions"}],"predecessor-version":[{"id":3355,"href":"https:\/\/jornalvalenews.com.br\/index.php\/wp-json\/wp\/v2\/posts\/3353\/revisions\/3355"}],"wp:featuredmedia":[{"embeddable":true,"href":"https:\/\/jornalvalenews.com.br\/index.php\/wp-json\/wp\/v2\/media\/3354"}],"wp:attachment":[{"href":"https:\/\/jornalvalenews.com.br\/index.php\/wp-json\/wp\/v2\/media?parent=3353"}],"wp:term":[{"taxonomy":"category","embeddable":true,"href":"https:\/\/jornalvalenews.com.br\/index.php\/wp-json\/wp\/v2\/categories?post=3353"},{"taxonomy":"post_tag","embeddable":true,"href":"https:\/\/jornalvalenews.com.br\/index.php\/wp-json\/wp\/v2\/tags?post=3353"}],"curies":[{"name":"wp","href":"https:\/\/api.w.org\/{rel}","templated":true}]}}