{"id":3304,"date":"2025-05-14T19:53:56","date_gmt":"2025-05-14T22:53:56","guid":{"rendered":"https:\/\/jornalvalenews.com.br\/?p=3304"},"modified":"2025-05-14T19:53:56","modified_gmt":"2025-05-14T22:53:56","slug":"camara-de-ceres-discute-e-aprova-importantes-requerimentos-na-2a-sessao-ordinaria-de-maio-de-2025-confira","status":"publish","type":"post","link":"https:\/\/jornalvalenews.com.br\/index.php\/2025\/05\/14\/camara-de-ceres-discute-e-aprova-importantes-requerimentos-na-2a-sessao-ordinaria-de-maio-de-2025-confira\/","title":{"rendered":"C\u00e2mara de Ceres discute e aprova importantes requerimentos na 2\u00aa Sess\u00e3o Ordin\u00e1ria de maio de 2025: confira"},"content":{"rendered":"<p data-start=\"562\" data-end=\"745\">\n<p data-start=\"562\" data-end=\"745\"><a href=\"https:\/\/api.whatsapp.com\/send?phone=5562998212725&amp;text=Ol%C3%A1,%20gostaria%20de%20falar%20com%20a%20secret%C3%A1ria%20do%20Dr.%20Paulo%20e%20Dra.%20Caroline\" target=\"_blank\" rel=\"noopener\"><img loading=\"lazy\" decoding=\"async\" class=\"alignnone\" src=\"https:\/\/jornalvalenews.com.br\/wp-content\/uploads\/2024\/08\/novo-gif-dr.-paulo.gif\" alt=\"\" width=\"800\" height=\"666\" \/><\/a><\/p>\n<p data-start=\"562\" data-end=\"745\">\n<p class=\"\" data-start=\"562\" data-end=\"745\">Na \u00faltima ter\u00e7a-feira, dia 14, foi realizada a 2\u00aa Sess\u00e3o Ordin\u00e1ria do m\u00eas de maio de 2025 da C\u00e2mara Municipal de Ceres, sob a presid\u00eancia do vereador Glic\u00e9rio de Moraes Mendes J\u00fanior.<\/p>\n<p class=\"\" data-start=\"747\" data-end=\"812\"><strong>Na oportunidade, foram votadas e aprovadas as seguintes mat\u00e9rias:<\/strong><\/p>\n<p class=\"\" data-start=\"814\" data-end=\"1108\">Mo\u00e7\u00e3o de Pesar pelo falecimento da Senhora Silma Aparecida de Souza Martins.<br data-start=\"890\" data-end=\"893\" \/>Mo\u00e7\u00e3o de Pesar pelo falecimento da Senhora Iolanda Fernandes Carvalho da Anuncia\u00e7\u00e3o.<br data-start=\"977\" data-end=\"980\" \/>Mo\u00e7\u00e3o de Pesar pelo falecimento do Senhor Humberto Borges da Silva.<br data-start=\"1047\" data-end=\"1050\" \/>Mo\u00e7\u00e3o de Agradecimento \u00e0 Senhora Iranice Honoria de Souza.<\/p>\n<p class=\"\" data-start=\"1110\" data-end=\"1277\">Aprovado em segunda vota\u00e7\u00e3o o Projeto de Lei n\u00ba 008\/2025, de autoria do Poder Executivo, que \u201cAltera os artigos 3\u00ba e 4\u00ba da Lei n\u00ba 2.182\/2023 e d\u00e1 outras provid\u00eancias.\u201d<\/p>\n<h3 class=\"\" data-start=\"1279\" data-end=\"1296\">Requerimentos:<\/h3>\n<p class=\"\" data-start=\"1298\" data-end=\"2001\"><strong data-start=\"1298\" data-end=\"1313\">N\u00ba 095\/2025<\/strong>: De autoria dos vereadores Norvandi Angelo da Silva e Maur\u00edcio Pereira Mendes, <strong data-start=\"1393\" data-end=\"1487\">que requerem ao Poder Executivo Municipal e \u00e0 Superintend\u00eancia Municipal de Tr\u00e2nsito (SMT)<\/strong> a instala\u00e7\u00e3o de um redutor de velocidade (quebra-molas) na Avenida Brasil, no setor central, pr\u00f3ximo \u00e0 loja de rodas e pneus Macarr\u00e3o.<br data-start=\"1622\" data-end=\"1625\" \/><strong data-start=\"1625\" data-end=\"1642\">Justificativa<\/strong>: Pela necessidade urgente de garantir a seguran\u00e7a de pedestres, motoristas e comerciantes da regi\u00e3o, diante do elevado fluxo de ve\u00edculos e da recorrente imprud\u00eancia no tr\u00e2nsito local, especialmente em hor\u00e1rios de pico. A aus\u00eancia de redutores de velocidade tem causado preocupa\u00e7\u00e3o generalizada entre moradores e frequentadores do com\u00e9rcio daquela localidade.<\/p>\n<p class=\"\" data-start=\"2003\" data-end=\"2731\"><strong data-start=\"2003\" data-end=\"2018\">N\u00ba 096\/2025<\/strong>: De autoria do vereador Norvandi Angelo da Silva, <strong data-start=\"2069\" data-end=\"2121\">que requer ao Chefe do Poder Executivo Municipal<\/strong>, por meio da Secretaria de Infraestrutura, que seja elaborado e executado um cronograma regular para lan\u00e7amento de \u00e1gua na estrada rural que d\u00e1 sa\u00edda da comunidade do Sap\u00e9, a partir de 2 km acima do ponto de refer\u00eancia local, no sentido principal da via.<br data-start=\"2376\" data-end=\"2379\" \/><strong data-start=\"2379\" data-end=\"2396\">Justificativa<\/strong>: A presente solicita\u00e7\u00e3o decorre de constantes reclama\u00e7\u00f5es dos moradores das imedia\u00e7\u00f5es, que est\u00e3o sendo prejudicados pela excessiva quantidade de poeira levantada pelos ve\u00edculos em circula\u00e7\u00e3o. A poeira est\u00e1 invadindo as resid\u00eancias, afetando a sa\u00fade dos moradores, especialmente crian\u00e7as, idosos e pessoas com problemas respirat\u00f3rios.<\/p>\n<p class=\"\" data-start=\"2733\" data-end=\"3835\"><strong data-start=\"2733\" data-end=\"2748\">N\u00ba 097\/2025<\/strong>: De autoria do vereador Reginaldo Liberato de Azevedo, <strong data-start=\"2804\" data-end=\"2960\">que requer ao Chefe do Poder Executivo Municipal, \u00e0 Superintend\u00eancia Municipal de Tr\u00e2nsito (SMT) e \u00e0 Secretaria de Seguran\u00e7a P\u00fablica e Mobilidade Urbana<\/strong> a realiza\u00e7\u00e3o de um estudo de viabilidade, com levantamento de informa\u00e7\u00f5es e estimativa de custos, para a instala\u00e7\u00e3o de c\u00e2meras de monitoramento de seguran\u00e7a em pontos estrat\u00e9gicos da cidade, incluindo sem\u00e1foros, entradas e sa\u00eddas da cidade, vias r\u00e1pidas, proximidades das escolas e \u00e1reas com maior incid\u00eancia de acidentes, visando garantir uma maior seguran\u00e7a \u00e0 popula\u00e7\u00e3o.<br data-start=\"3333\" data-end=\"3336\" \/><strong data-start=\"3336\" data-end=\"3353\">Justificativa<\/strong>: A proposta busca atender a uma demanda crescente da popula\u00e7\u00e3o, preocupada com a seguran\u00e7a e a organiza\u00e7\u00e3o do tr\u00e2nsito. A instala\u00e7\u00e3o de c\u00e2meras de monitoramento contribuir\u00e1 significativamente para a melhoria da mobilidade urbana e a redu\u00e7\u00e3o de infra\u00e7\u00f5es. Al\u00e9m disso, o monitoramento eletr\u00f4nico \u00e9 uma ferramenta eficaz para a preven\u00e7\u00e3o de crimes, identifica\u00e7\u00e3o de ocorr\u00eancias em tempo real e apoio \u00e0s a\u00e7\u00f5es das for\u00e7as de seguran\u00e7a, promovendo mais seguran\u00e7a e bem-estar \u00e0 popula\u00e7\u00e3o.<\/p>\n<p class=\"\" data-start=\"3837\" data-end=\"4557\"><strong data-start=\"3837\" data-end=\"3852\">N\u00ba 098\/2025<\/strong>: De autoria do vereador Zener de Oliveira Azevedo, <strong data-start=\"3904\" data-end=\"3973\">que requer ao Chefe do Poder Executivo e \u00e0 Secretaria de Educa\u00e7\u00e3o<\/strong> que seja realizada a limpeza e manuten\u00e7\u00e3o dos aparelhos de ar-condicionado da Escola Municipal Valdete C\u00e2ndida.<br data-start=\"4085\" data-end=\"4088\" \/><strong data-start=\"4088\" data-end=\"4105\">Justificativa<\/strong>: A aus\u00eancia de manuten\u00e7\u00e3o peri\u00f3dica compromete o desempenho dos aparelhos, afeta a qualidade do ar nas salas de aula e representa risco \u00e0 sa\u00fade dos estudantes, professores e demais funcion\u00e1rios, podendo agravar casos de alergias e doen\u00e7as respirat\u00f3rias. Al\u00e9m disso, a a\u00e7\u00e3o \u00e9 preventiva e se alinha \u00e0s boas pr\u00e1ticas de conserva\u00e7\u00e3o do patrim\u00f4nio p\u00fablico e ao zelo com o ambiente escolar, garantindo condi\u00e7\u00f5es adequadas de conforto t\u00e9rmico e salubridade.<\/p>\n<p class=\"\" data-start=\"4559\" data-end=\"5210\"><strong data-start=\"4559\" data-end=\"4574\">N\u00ba 099\/2025<\/strong>: De autoria do vereador Glic\u00e9rio de Moraes Mendes J\u00fanior, <strong data-start=\"4633\" data-end=\"4690\">que requer ao Poder Executivo e \u00e0 Secretaria de Obras<\/strong> a reforma da ponte que liga a Avenida Bernardo Say\u00e3o ao Setor Jardim Su\u00ed\u00e7o.<br data-start=\"4766\" data-end=\"4769\" \/><strong data-start=\"4769\" data-end=\"4786\">Justificativa<\/strong>: A referida ponte \u00e9 um importante elo de liga\u00e7\u00e3o entre o centro e todos os setores que est\u00e3o do outro lado do C\u00f3rrego da \u00c1gua Limpa, por isso recebe um fluxo intenso de pessoas e ve\u00edculos. A ponte precisa do alargamento da faixa de rodagem para permitir o fluxo de ve\u00edculos em sentidos contr\u00e1rios simultaneamente, al\u00e9m de melhorias na \u00e1rea de tr\u00e2nsito de pedestres, para garantir mais seguran\u00e7a e agilidade aos transeuntes.<\/p>\n<p class=\"\" data-start=\"5212\" data-end=\"5700\"><strong data-start=\"5212\" data-end=\"5227\">N\u00ba 100\/2025<\/strong>: De autoria do vereador Maur\u00edcio Pereira Mendes, <strong data-start=\"5277\" data-end=\"5372\">que requer ao Chefe do Poder Executivo Municipal e \u00e0 Superintend\u00eancia Municipal de Tr\u00e2nsito<\/strong> a implanta\u00e7\u00e3o de sinaliza\u00e7\u00e3o horizontal e vertical na Rua 43, esquina com a Rua 43-A, localizada no Setor Nova Vila, nas proximidades do viveiro e da UBS do Vila Nova.<br data-start=\"5540\" data-end=\"5543\" \/><strong data-start=\"5543\" data-end=\"5560\">Justificativa<\/strong>: A esquina da Rua 43 com a Rua 43-A, no Setor Nova Vila, est\u00e1 sem sinaliza\u00e7\u00e3o, o que tem causado confus\u00e3o no tr\u00e2nsito e risco de acidentes.<\/p>\n<p class=\"\" data-start=\"5702\" data-end=\"6198\"><strong data-start=\"5702\" data-end=\"5717\">N\u00ba 101\/2025<\/strong>: De autoria dos vereadores Lucas Rodrigues de Melo e Zener de Oliveira Azevedo, <strong data-start=\"5798\" data-end=\"5916\">que requerem ao Chefe do Poder Executivo, \u00e0 Secretaria de Meio Ambiente e \u00e0 Secretaria Municipal de Infraestrutura<\/strong> a implementa\u00e7\u00e3o de medidas para a instala\u00e7\u00e3o de containers de lixo nas ruas de acesso \u00e0s comunidades rurais de Ceres.<br data-start=\"6034\" data-end=\"6037\" \/><strong data-start=\"6037\" data-end=\"6054\">Justificativa<\/strong>: A aus\u00eancia de locais adequados para o descarte de res\u00edduos s\u00f3lidos tem gerado diversos problemas para os moradores da zona rural, incluindo:<\/p>\n<ul data-start=\"6199\" data-end=\"6753\">\n<li class=\"\" data-start=\"6199\" data-end=\"6321\">\n<p class=\"\" data-start=\"6201\" data-end=\"6321\">Ac\u00famulo de lixo em terrenos baldios, margens de estradas e \u00e1reas de preserva\u00e7\u00e3o, causando polui\u00e7\u00e3o visual e ambiental.<\/p>\n<\/li>\n<li class=\"\" data-start=\"6322\" data-end=\"6465\">\n<p class=\"\" data-start=\"6324\" data-end=\"6465\">A decomposi\u00e7\u00e3o inadequada de res\u00edduos contamina o solo e a \u00e1gua, prejudicando o meio ambiente e a qualidade de vida das comunidades rurais.<\/p>\n<\/li>\n<li class=\"\" data-start=\"6466\" data-end=\"6607\">\n<p class=\"\" data-start=\"6468\" data-end=\"6607\">Dificuldade de coleta: a dispers\u00e3o do lixo dificulta e onera a coleta por parte dos servi\u00e7os municipais, tornando o processo ineficiente.<\/p>\n<\/li>\n<li class=\"\" data-start=\"6608\" data-end=\"6753\">\n<p class=\"\" data-start=\"6610\" data-end=\"6753\">A instala\u00e7\u00e3o de containers em pontos estrat\u00e9gicos nas ruas de acesso ao meio rural facilitar\u00e1 o descarte correto e, consequentemente, a coleta.<\/p>\n<\/li>\n<\/ul>\n<p>\ud83d\udcf2 <strong data-start=\"111\" data-end=\"153\">Acompanhe os trabalhos do Legislativo!<br \/>\n<\/strong><br data-start=\"153\" data-end=\"156\" \/>Siga a C\u00e2mara Municipal de Ceres no Instagram e fique por dentro de tudo que acontece nas sess\u00f5es e a\u00e7\u00f5es parlamentares: \ud83d\udc49 <a class=\"\" href=\"https:\/\/www.instagram.com\/camaramunicipaldeceres\/\" target=\"_blank\" rel=\"noopener\" data-start=\"282\" data-end=\"358\" data-is-last-node=\"\">@camaramunicipaldeceres<\/a><\/p>\n<p><img loading=\"lazy\" decoding=\"async\" class=\"wp-image-3306 aligncenter\" src=\"https:\/\/jornalvalenews.com.br\/wp-content\/uploads\/2025\/05\/Segunda-sessao-de-maio-2025-1-1-300x225.jpeg\" alt=\"\" width=\"725\" height=\"544\" srcset=\"https:\/\/jornalvalenews.com.br\/wp-content\/uploads\/2025\/05\/Segunda-sessao-de-maio-2025-1-1-300x225.jpeg 300w, https:\/\/jornalvalenews.com.br\/wp-content\/uploads\/2025\/05\/Segunda-sessao-de-maio-2025-1-1-1024x768.jpeg 1024w, https:\/\/jornalvalenews.com.br\/wp-content\/uploads\/2025\/05\/Segunda-sessao-de-maio-2025-1-1-768x576.jpeg 768w, https:\/\/jornalvalenews.com.br\/wp-content\/uploads\/2025\/05\/Segunda-sessao-de-maio-2025-1-1-136x102.jpeg 136w, https:\/\/jornalvalenews.com.br\/wp-content\/uploads\/2025\/05\/Segunda-sessao-de-maio-2025-1-1.jpeg 1040w\" sizes=\"(max-width: 725px) 100vw, 725px\" \/><\/p>\n","protected":false},"excerpt":{"rendered":"<p>Na \u00faltima ter\u00e7a-feira, dia 14, foi realizada a 2\u00aa Sess\u00e3o Ordin\u00e1ria do m\u00eas de maio de 2025 da C\u00e2mara Municipal de Ceres, sob a presid\u00eancia do vereador Glic\u00e9rio de Moraes Mendes J\u00fanior. Na oportunidade, foram votadas e aprovadas as seguintes mat\u00e9rias: Mo\u00e7\u00e3o de Pesar pelo falecimento da Senhora Silma Aparecida de Souza Martins.Mo\u00e7\u00e3o de Pesar [&hellip;]<\/p>\n","protected":false},"author":1,"featured_media":3305,"comment_status":"open","ping_status":"open","sticky":false,"template":"","format":"standard","meta":{"om_disable_all_campaigns":false,"footnotes":"","jetpack_publicize_message":"","jetpack_publicize_feature_enabled":true,"jetpack_social_post_already_shared":true,"jetpack_social_options":{"image_generator_settings":{"template":"highway","enabled":false}}},"categories":[11,8,5,387,9],"tags":[532,531,15],"jetpack_publicize_connections":[],"jetpack_sharing_enabled":true,"jetpack_featured_media_url":"https:\/\/jornalvalenews.com.br\/wp-content\/uploads\/2025\/05\/Segunda-sessao-de-maio-2025-2-1.jpeg","_links":{"self":[{"href":"https:\/\/jornalvalenews.com.br\/index.php\/wp-json\/wp\/v2\/posts\/3304"}],"collection":[{"href":"https:\/\/jornalvalenews.com.br\/index.php\/wp-json\/wp\/v2\/posts"}],"about":[{"href":"https:\/\/jornalvalenews.com.br\/index.php\/wp-json\/wp\/v2\/types\/post"}],"author":[{"embeddable":true,"href":"https:\/\/jornalvalenews.com.br\/index.php\/wp-json\/wp\/v2\/users\/1"}],"replies":[{"embeddable":true,"href":"https:\/\/jornalvalenews.com.br\/index.php\/wp-json\/wp\/v2\/comments?post=3304"}],"version-history":[{"count":1,"href":"https:\/\/jornalvalenews.com.br\/index.php\/wp-json\/wp\/v2\/posts\/3304\/revisions"}],"predecessor-version":[{"id":3307,"href":"https:\/\/jornalvalenews.com.br\/index.php\/wp-json\/wp\/v2\/posts\/3304\/revisions\/3307"}],"wp:featuredmedia":[{"embeddable":true,"href":"https:\/\/jornalvalenews.com.br\/index.php\/wp-json\/wp\/v2\/media\/3305"}],"wp:attachment":[{"href":"https:\/\/jornalvalenews.com.br\/index.php\/wp-json\/wp\/v2\/media?parent=3304"}],"wp:term":[{"taxonomy":"category","embeddable":true,"href":"https:\/\/jornalvalenews.com.br\/index.php\/wp-json\/wp\/v2\/categories?post=3304"},{"taxonomy":"post_tag","embeddable":true,"href":"https:\/\/jornalvalenews.com.br\/index.php\/wp-json\/wp\/v2\/tags?post=3304"}],"curies":[{"name":"wp","href":"https:\/\/api.w.org\/{rel}","templated":true}]}}