{"id":3085,"date":"2025-04-06T17:39:30","date_gmt":"2025-04-06T20:39:30","guid":{"rendered":"https:\/\/jornalvalenews.com.br\/?p=3085"},"modified":"2025-04-06T17:39:30","modified_gmt":"2025-04-06T20:39:30","slug":"gilber-miranda-representa-rianapolis-em-salvador-e-declara-apoio-a-pre-candidatura-de-ronaldo-caiado-a-presidencia-confira","status":"publish","type":"post","link":"https:\/\/jornalvalenews.com.br\/index.php\/2025\/04\/06\/gilber-miranda-representa-rianapolis-em-salvador-e-declara-apoio-a-pre-candidatura-de-ronaldo-caiado-a-presidencia-confira\/","title":{"rendered":"Gilber Miranda representa Rian\u00e1polis em Salvador e declara apoio \u00e0 pr\u00e9-candidatura de Ronaldo Caiado \u00e0 Presid\u00eancia: confira"},"content":{"rendered":"<p data-start=\"120\" data-end=\"239\">\n<p data-start=\"120\" data-end=\"239\"><a href=\"https:\/\/api.whatsapp.com\/send?phone=5562998212725&amp;text=Ol%C3%A1,%20gostaria%20de%20falar%20com%20a%20secret%C3%A1ria%20do%20Dr.%20Paulo%20e%20Dra.%20Caroline\" target=\"_blank\" rel=\"noopener\"><img loading=\"lazy\" decoding=\"async\" class=\"alignnone\" src=\"https:\/\/jornalvalenews.com.br\/wp-content\/uploads\/2024\/08\/novo-gif-dr.-paulo.gif\" alt=\"\" width=\"800\" height=\"666\" \/><\/a><\/p>\n<p data-start=\"120\" data-end=\"239\">\n<p class=\"\" data-start=\"120\" data-end=\"239\"><span class=\"relative -mx-px my-[-0.2rem] rounded-sm px-px py-[0.2rem]\">O prefeito de Rian\u00e1polis, <strong data-start=\"26\" data-end=\"44\">Gilber Miranda<\/strong> (<strong data-start=\"46\" data-end=\"52\">PP<\/strong>), esteve presente no evento de lan\u00e7amento da pr\u00e9-candidatura do governador de Goi\u00e1s, <strong data-start=\"138\" data-end=\"156\">Ronaldo Caiado<\/strong> (<strong data-start=\"158\" data-end=\"174\">Uni\u00e3o Brasil<\/strong>), \u00e0 Presid\u00eancia da Rep\u00fablica para as elei\u00e7\u00f5es de 2026.<\/span> <span class=\"relative -mx-px my-[-0.2rem] rounded-sm px-px py-[0.2rem]\">A cerim\u00f4nia ocorreu na sexta-feira (4), em Salvador (BA), onde Caiado tamb\u00e9m recebeu o t\u00edtulo de &#8220;Cidad\u00e3o Baiano&#8221; e a Comenda 2 de Julho.<\/span>\u200b<\/p>\n<p class=\"\" data-start=\"241\" data-end=\"398\"><span class=\"relative -mx-px my-[-0.2rem] rounded-sm px-px py-[0.2rem]\"><strong>Gilber Miranda, reconhecido como uma lideran\u00e7a de destaque no Vale do S\u00e3o Patr\u00edcio<\/strong>, viajou \u00e0 capital baiana para manifestar seu apoio ao governador.<\/span> <span class=\"relative -mx-px my-[-0.2rem] rounded-sm px-px py-[0.2rem]\">&#8220;O governador Caiado tem sido um parceiro fundamental para Rian\u00e1polis, trazendo investimentos e melhorias que impactam diretamente a vida de nossa popula\u00e7\u00e3o.<\/span> <span class=\"relative -mx-px my-[-0.2rem] rounded-sm px-px py-[0.2rem]\">Seu compromisso com o desenvolvimento de Goi\u00e1s \u00e9 evidente, e acredito que essa dedica\u00e7\u00e3o ser\u00e1 estendida a todo o pa\u00eds&#8221;, declarou o prefeito.<\/span>\u200b<\/p>\n<p class=\"\" data-start=\"400\" data-end=\"639\"><span class=\"relative -mx-px my-[-0.2rem] rounded-sm px-px py-[0.2rem]\">Nos \u00faltimos anos, <strong>Rian\u00e1polis<\/strong> tem se beneficiado de diversas iniciativas em parceria com o governo estadual.<\/span> <span class=\"relative -mx-px my-[-0.2rem] rounded-sm px-px py-[0.2rem]\">Recentemente, foram iniciadas as obras de constru\u00e7\u00e3o de 97 moradias populares a custo zero, um projeto viabilizado pela colabora\u00e7\u00e3o entre a prefeitura e o governo estadual de Goi\u00e1s.<\/span> <span class=\"relative -mx-px my-[-0.2rem] rounded-sm px-px py-[0.2rem]\">&#8220;Essa conquista \u00e9 resultado do esfor\u00e7o conjunto entre o munic\u00edpio e o Estado.<\/span> <span class=\"relative -mx-px my-[-0.2rem] rounded-sm px-px py-[0.2rem]\">Agrade\u00e7o ao governador Caiado por atender \u00e0s necessidades de nossa comunidade e transformar sonhos em realidade&#8221;, ressaltou Gilber Miranda.<\/span><\/p>\n<p class=\"\" data-start=\"808\" data-end=\"973\"><strong><span class=\"relative -mx-px my-[-0.2rem] rounded-sm px-px py-[0.2rem]\">A presen\u00e7a de Gilber Miranda no lan\u00e7amento da pr\u00e9-candidatura de Caiado refor\u00e7a a alian\u00e7a entre o governo estadual e as lideran\u00e7as municipais do Vale do S\u00e3o Patr\u00edcio.<\/span><\/strong> <span class=\"relative -mx-px my-[-0.2rem] rounded-sm px-px py-[0.2rem]\">&#8220;Temos trabalhado em sintonia com o governo estadual para promover o progresso de Rian\u00e1polis.<\/span> <span class=\"relative -mx-px my-[-0.2rem] rounded-sm px-px py-[0.2rem]\">A pr\u00e9-candidatura de Caiado representa a continuidade de um trabalho s\u00e9rio e comprometido com o bem-estar da popula\u00e7\u00e3o&#8221;, afirmou o prefeito.<\/span>\u200b<\/p>\n<p class=\"\" data-start=\"975\" data-end=\"1100\"><span class=\"relative -mx-px my-[-0.2rem] rounded-sm px-px py-[0.2rem]\">O evento em Salvador contou tamb\u00e9m com a participa\u00e7\u00e3o de outras lideran\u00e7as pol\u00edticas, como o senador <strong data-start=\"101\" data-end=\"116\">Sergio Moro<\/strong> (<strong data-start=\"118\" data-end=\"134\">Uni\u00e3o Brasil<\/strong>), os prefeitos de Salvador, <strong data-start=\"163\" data-end=\"177\">Bruno Reis<\/strong>, e de Goi\u00e2nia, <strong data-start=\"193\" data-end=\"209\">Sandro Mabel<\/strong>, al\u00e9m do ex-prefeito da capital baiana, <strong data-start=\"250\" data-end=\"262\">ACM Neto<\/strong>.<\/span> <span class=\"relative -mx-px my-[-0.2rem] rounded-sm px-px py-[0.2rem]\">A presen\u00e7a de representantes de diferentes regi\u00f5es evidencia a amplitude do apoio \u00e0 pr\u00e9-candidatura de Ronaldo Caiado.<\/span><\/p>\n<h3>Voc\u00ea tem Instagram?! Siga o Jornal Vale News e fique por dentro das principais not\u00edcias da regi\u00e3o:\u00a0<a href=\"https:\/\/www.instagram.com\/jornalvalenews\/\" target=\"_blank\" rel=\"noopener\">clique aqui.<\/a><\/h3>\n","protected":false},"excerpt":{"rendered":"<p>O prefeito de Rian\u00e1polis, Gilber Miranda (PP), esteve presente no evento de lan\u00e7amento da pr\u00e9-candidatura do governador de Goi\u00e1s, Ronaldo Caiado (Uni\u00e3o Brasil), \u00e0 Presid\u00eancia da Rep\u00fablica para as elei\u00e7\u00f5es de 2026. A cerim\u00f4nia ocorreu na sexta-feira (4), em Salvador (BA), onde Caiado tamb\u00e9m recebeu o t\u00edtulo de &#8220;Cidad\u00e3o Baiano&#8221; e a Comenda 2 de [&hellip;]<\/p>\n","protected":false},"author":1,"featured_media":3086,"comment_status":"open","ping_status":"open","sticky":false,"template":"","format":"standard","meta":{"om_disable_all_campaigns":false,"footnotes":"","jetpack_publicize_message":"","jetpack_publicize_feature_enabled":true,"jetpack_social_post_already_shared":true,"jetpack_social_options":{"image_generator_settings":{"template":"highway","enabled":false}}},"categories":[8,5,9],"tags":[448,230,314],"jetpack_publicize_connections":[],"jetpack_sharing_enabled":true,"jetpack_featured_media_url":"https:\/\/jornalvalenews.com.br\/wp-content\/uploads\/2025\/04\/Copia-de-21a-Semana-1.png","_links":{"self":[{"href":"https:\/\/jornalvalenews.com.br\/index.php\/wp-json\/wp\/v2\/posts\/3085"}],"collection":[{"href":"https:\/\/jornalvalenews.com.br\/index.php\/wp-json\/wp\/v2\/posts"}],"about":[{"href":"https:\/\/jornalvalenews.com.br\/index.php\/wp-json\/wp\/v2\/types\/post"}],"author":[{"embeddable":true,"href":"https:\/\/jornalvalenews.com.br\/index.php\/wp-json\/wp\/v2\/users\/1"}],"replies":[{"embeddable":true,"href":"https:\/\/jornalvalenews.com.br\/index.php\/wp-json\/wp\/v2\/comments?post=3085"}],"version-history":[{"count":1,"href":"https:\/\/jornalvalenews.com.br\/index.php\/wp-json\/wp\/v2\/posts\/3085\/revisions"}],"predecessor-version":[{"id":3087,"href":"https:\/\/jornalvalenews.com.br\/index.php\/wp-json\/wp\/v2\/posts\/3085\/revisions\/3087"}],"wp:featuredmedia":[{"embeddable":true,"href":"https:\/\/jornalvalenews.com.br\/index.php\/wp-json\/wp\/v2\/media\/3086"}],"wp:attachment":[{"href":"https:\/\/jornalvalenews.com.br\/index.php\/wp-json\/wp\/v2\/media?parent=3085"}],"wp:term":[{"taxonomy":"category","embeddable":true,"href":"https:\/\/jornalvalenews.com.br\/index.php\/wp-json\/wp\/v2\/categories?post=3085"},{"taxonomy":"post_tag","embeddable":true,"href":"https:\/\/jornalvalenews.com.br\/index.php\/wp-json\/wp\/v2\/tags?post=3085"}],"curies":[{"name":"wp","href":"https:\/\/api.w.org\/{rel}","templated":true}]}}