{"id":2968,"date":"2025-03-20T14:00:24","date_gmt":"2025-03-20T17:00:24","guid":{"rendered":"https:\/\/jornalvalenews.com.br\/?p=2968"},"modified":"2025-03-20T20:08:14","modified_gmt":"2025-03-20T23:08:14","slug":"faculdade-evangelica-de-goianesia-sedia-forum-das-aguas-do-vale-do-sao-patricio-de-20-a-22-de-marco-confira","status":"publish","type":"post","link":"https:\/\/jornalvalenews.com.br\/index.php\/2025\/03\/20\/faculdade-evangelica-de-goianesia-sedia-forum-das-aguas-do-vale-do-sao-patricio-de-20-a-22-de-marco-confira\/","title":{"rendered":"Faculdade Evang\u00e9lica de Goian\u00e9sia sedia F\u00f3rum das \u00c1guas do Vale do S\u00e3o Patr\u00edcio de 20 a 22 de mar\u00e7o: confira"},"content":{"rendered":"<p>&nbsp;<\/p>\n<p><a href=\"https:\/\/api.whatsapp.com\/send?phone=5562998212725&amp;text=Ol%C3%A1,%20gostaria%20de%20falar%20com%20a%20secret%C3%A1ria%20do%20Dr.%20Paulo%20e%20Dra.%20Caroline\" target=\"_blank\" rel=\"noopener\"><img loading=\"lazy\" decoding=\"async\" class=\"alignnone\" src=\"https:\/\/jornalvalenews.com.br\/wp-content\/uploads\/2024\/08\/novo-gif-dr.-paulo.gif\" alt=\"\" width=\"800\" height=\"666\" \/><\/a><\/p>\n<p>A Faculdade Evang\u00e9lica de Goian\u00e9sia, por meio de seu N\u00facleo Socioambiental, promove nesta quinta-feira (20) a sess\u00e3o de abertura do F\u00f3rum das \u00c1guas do Vale do S\u00e3o Patr\u00edcio. O evento, que ser\u00e1 realizado em Goian\u00e9sia-GO, \u00e0s 19h, reunir\u00e1 gestores p\u00fablicos, especialistas, acad\u00eamicos e representantes da sociedade civil para debater estrat\u00e9gias de gest\u00e3o sustent\u00e1vel dos recursos h\u00eddricos da regi\u00e3o.<\/p>\n<p>Com o tema \u201c\u00c1gua e Mudan\u00e7as Clim\u00e1ticas: Desafios e Solu\u00e7\u00f5es para o Vale do S\u00e3o Patr\u00edcio\u201d, o f\u00f3rum tem como objetivo discutir os impactos das altera\u00e7\u00f5es clim\u00e1ticas sobre os mananciais e propor a\u00e7\u00f5es para a preserva\u00e7\u00e3o e o uso consciente da \u00e1gua. O evento visa fortalecer o di\u00e1logo intermunicipal e fomentar pol\u00edticas que garantam a sustentabilidade h\u00eddrica no Vale do S\u00e3o Patr\u00edcio.<\/p>\n<p>O reitor da Faculdade Evang\u00e9lica de Goian\u00e9sia, Professor Dr. Jos\u00e9 Mateus dos Santos, destacou a import\u00e2ncia da participa\u00e7\u00e3o da sociedade no debate. \u201cA \u00e1gua \u00e9 um recurso essencial para a vida e o desenvolvimento da nossa regi\u00e3o. Precisamos unir esfor\u00e7os para enfrentar os desafios impostos pelas mudan\u00e7as clim\u00e1ticas e garantir um futuro sustent\u00e1vel para as pr\u00f3ximas gera\u00e7\u00f5es\u201d, afirmou.<\/p>\n<p>A programa\u00e7\u00e3o do f\u00f3rum contar\u00e1 com palestras, pain\u00e9is e debates com especialistas na \u00e1rea ambiental, al\u00e9m da presen\u00e7a de autoridades locais e estaduais. O evento \u00e9 aberto ao p\u00fablico e ser\u00e1 uma oportunidade para que diferentes setores da sociedade contribuam com ideias e solu\u00e7\u00f5es para a gest\u00e3o eficiente da \u00e1gua na regi\u00e3o.<\/p>\n<p><img loading=\"lazy\" decoding=\"async\" class=\"wp-image-2970 aligncenter\" src=\"https:\/\/jornalvalenews.com.br\/wp-content\/uploads\/2025\/03\/PHOTO-2025-03-20-12-14-34-1-289x300.jpg\" alt=\"\" width=\"700\" height=\"727\" srcset=\"https:\/\/jornalvalenews.com.br\/wp-content\/uploads\/2025\/03\/PHOTO-2025-03-20-12-14-34-1-289x300.jpg 289w, https:\/\/jornalvalenews.com.br\/wp-content\/uploads\/2025\/03\/PHOTO-2025-03-20-12-14-34-1.jpg 465w\" sizes=\"(max-width: 700px) 100vw, 700px\" \/><\/p>\n","protected":false},"excerpt":{"rendered":"<p>&nbsp; A Faculdade Evang\u00e9lica de Goian\u00e9sia, por meio de seu N\u00facleo Socioambiental, promove nesta quinta-feira (20) a sess\u00e3o de abertura do F\u00f3rum das \u00c1guas do Vale do S\u00e3o Patr\u00edcio. O evento, que ser\u00e1 realizado em Goian\u00e9sia-GO, \u00e0s 19h, reunir\u00e1 gestores p\u00fablicos, especialistas, acad\u00eamicos e representantes da sociedade civil para debater estrat\u00e9gias de gest\u00e3o sustent\u00e1vel dos [&hellip;]<\/p>\n","protected":false},"author":1,"featured_media":2973,"comment_status":"open","ping_status":"open","sticky":false,"template":"","format":"standard","meta":{"om_disable_all_campaigns":false,"footnotes":"","jetpack_publicize_message":"","jetpack_publicize_feature_enabled":true,"jetpack_social_post_already_shared":true,"jetpack_social_options":{"image_generator_settings":{"template":"highway","enabled":false}}},"categories":[383,8,9],"tags":[538,539,203],"jetpack_publicize_connections":[],"jetpack_sharing_enabled":true,"jetpack_featured_media_url":"https:\/\/jornalvalenews.com.br\/wp-content\/uploads\/2025\/03\/84560878634.png","_links":{"self":[{"href":"https:\/\/jornalvalenews.com.br\/index.php\/wp-json\/wp\/v2\/posts\/2968"}],"collection":[{"href":"https:\/\/jornalvalenews.com.br\/index.php\/wp-json\/wp\/v2\/posts"}],"about":[{"href":"https:\/\/jornalvalenews.com.br\/index.php\/wp-json\/wp\/v2\/types\/post"}],"author":[{"embeddable":true,"href":"https:\/\/jornalvalenews.com.br\/index.php\/wp-json\/wp\/v2\/users\/1"}],"replies":[{"embeddable":true,"href":"https:\/\/jornalvalenews.com.br\/index.php\/wp-json\/wp\/v2\/comments?post=2968"}],"version-history":[{"count":2,"href":"https:\/\/jornalvalenews.com.br\/index.php\/wp-json\/wp\/v2\/posts\/2968\/revisions"}],"predecessor-version":[{"id":2972,"href":"https:\/\/jornalvalenews.com.br\/index.php\/wp-json\/wp\/v2\/posts\/2968\/revisions\/2972"}],"wp:featuredmedia":[{"embeddable":true,"href":"https:\/\/jornalvalenews.com.br\/index.php\/wp-json\/wp\/v2\/media\/2973"}],"wp:attachment":[{"href":"https:\/\/jornalvalenews.com.br\/index.php\/wp-json\/wp\/v2\/media?parent=2968"}],"wp:term":[{"taxonomy":"category","embeddable":true,"href":"https:\/\/jornalvalenews.com.br\/index.php\/wp-json\/wp\/v2\/categories?post=2968"},{"taxonomy":"post_tag","embeddable":true,"href":"https:\/\/jornalvalenews.com.br\/index.php\/wp-json\/wp\/v2\/tags?post=2968"}],"curies":[{"name":"wp","href":"https:\/\/api.w.org\/{rel}","templated":true}]}}