{"id":2724,"date":"2025-01-25T20:13:19","date_gmt":"2025-01-25T23:13:19","guid":{"rendered":"https:\/\/jornalvalenews.com.br\/?p=2724"},"modified":"2025-02-26T20:39:18","modified_gmt":"2025-02-26T23:39:18","slug":"prefeitura-de-ceres-e-secretaria-municipal-de-saude-reforcam-atencao-a-saude-mental-dos-idosos-no-janeiro-branco","status":"publish","type":"post","link":"https:\/\/jornalvalenews.com.br\/index.php\/2025\/01\/25\/prefeitura-de-ceres-e-secretaria-municipal-de-saude-reforcam-atencao-a-saude-mental-dos-idosos-no-janeiro-branco\/","title":{"rendered":"Prefeitura de Ceres e Secretaria Municipal de Sa\u00fade refor\u00e7am aten\u00e7\u00e3o \u00e0 sa\u00fade mental dos idosos no Janeiro Branco"},"content":{"rendered":"<p data-start=\"110\" data-end=\"468\">A Prefeitura de Ceres, por meio da Secretaria Municipal de Sa\u00fade e do Projeto Conviver, intensifica as a\u00e7\u00f5es voltadas \u00e0 sa\u00fade mental dos idosos durante a campanha Janeiro Branco. A iniciativa busca conscientizar sobre a import\u00e2ncia do bem-estar emocional na terceira idade, promovendo atividades que fortalecem a conviv\u00eancia social e o suporte psicol\u00f3gico.<\/p>\n<p data-start=\"470\" data-end=\"756\">Em parceria com o Centro de Aten\u00e7\u00e3o Psicossocial (CAPS), a Secretaria de Sa\u00fade disponibiliza atendimentos especializados para garantir assist\u00eancia emocional adequada aos idosos. Al\u00e9m disso, eventos como o \u201cBaile da Terceira Idade\u201d incentivam a intera\u00e7\u00e3o e ajudam a combater a solid\u00e3o.<\/p>\n<p data-start=\"758\" data-end=\"944\" data-is-last-node=\"\" data-is-only-node=\"\">Com essas a\u00e7\u00f5es, a administra\u00e7\u00e3o municipal refor\u00e7a o compromisso com a valoriza\u00e7\u00e3o dos idosos, garantindo que tenham acesso a cuidados que favore\u00e7am sua qualidade de vida e sa\u00fade mental.<\/p>\n","protected":false},"excerpt":{"rendered":"<p>A Prefeitura de Ceres, por meio da Secretaria Municipal de Sa\u00fade e do Projeto Conviver, intensifica as a\u00e7\u00f5es voltadas \u00e0 sa\u00fade mental dos idosos durante a campanha Janeiro Branco. A iniciativa busca conscientizar sobre a import\u00e2ncia do bem-estar emocional na terceira idade, promovendo atividades que fortalecem a conviv\u00eancia social e o suporte psicol\u00f3gico. Em parceria [&hellip;]<\/p>\n","protected":false},"author":1,"featured_media":2725,"comment_status":"open","ping_status":"open","sticky":false,"template":"","format":"standard","meta":{"om_disable_all_campaigns":false,"footnotes":"","jetpack_publicize_message":"","jetpack_publicize_feature_enabled":true,"jetpack_social_post_already_shared":true,"jetpack_social_options":{"image_generator_settings":{"template":"highway","enabled":false}}},"categories":[11,46],"tags":[],"jetpack_publicize_connections":[],"jetpack_sharing_enabled":true,"jetpack_featured_media_url":"https:\/\/jornalvalenews.com.br\/wp-content\/uploads\/2025\/02\/janeiro-branco.png","_links":{"self":[{"href":"https:\/\/jornalvalenews.com.br\/index.php\/wp-json\/wp\/v2\/posts\/2724"}],"collection":[{"href":"https:\/\/jornalvalenews.com.br\/index.php\/wp-json\/wp\/v2\/posts"}],"about":[{"href":"https:\/\/jornalvalenews.com.br\/index.php\/wp-json\/wp\/v2\/types\/post"}],"author":[{"embeddable":true,"href":"https:\/\/jornalvalenews.com.br\/index.php\/wp-json\/wp\/v2\/users\/1"}],"replies":[{"embeddable":true,"href":"https:\/\/jornalvalenews.com.br\/index.php\/wp-json\/wp\/v2\/comments?post=2724"}],"version-history":[{"count":1,"href":"https:\/\/jornalvalenews.com.br\/index.php\/wp-json\/wp\/v2\/posts\/2724\/revisions"}],"predecessor-version":[{"id":2726,"href":"https:\/\/jornalvalenews.com.br\/index.php\/wp-json\/wp\/v2\/posts\/2724\/revisions\/2726"}],"wp:featuredmedia":[{"embeddable":true,"href":"https:\/\/jornalvalenews.com.br\/index.php\/wp-json\/wp\/v2\/media\/2725"}],"wp:attachment":[{"href":"https:\/\/jornalvalenews.com.br\/index.php\/wp-json\/wp\/v2\/media?parent=2724"}],"wp:term":[{"taxonomy":"category","embeddable":true,"href":"https:\/\/jornalvalenews.com.br\/index.php\/wp-json\/wp\/v2\/categories?post=2724"},{"taxonomy":"post_tag","embeddable":true,"href":"https:\/\/jornalvalenews.com.br\/index.php\/wp-json\/wp\/v2\/tags?post=2724"}],"curies":[{"name":"wp","href":"https:\/\/api.w.org\/{rel}","templated":true}]}}