{"id":2613,"date":"2025-02-11T20:51:04","date_gmt":"2025-02-11T23:51:04","guid":{"rendered":"https:\/\/jornalvalenews.com.br\/?p=2613"},"modified":"2025-02-11T21:36:47","modified_gmt":"2025-02-12T00:36:47","slug":"camara-de-ceres-declara-extincao-de-mandato-de-osvaldo-cabal-investigado-pela-operacao-ephedra-e-convoca-suplente","status":"publish","type":"post","link":"https:\/\/jornalvalenews.com.br\/index.php\/2025\/02\/11\/camara-de-ceres-declara-extincao-de-mandato-de-osvaldo-cabal-investigado-pela-operacao-ephedra-e-convoca-suplente\/","title":{"rendered":"C\u00e2mara de Ceres declara extin\u00e7\u00e3o de mandato de Osvaldo Cabal, investigado pela Opera\u00e7\u00e3o Ephedra, e convoca suplente"},"content":{"rendered":"<p data-pm-slice=\"1 1 []\"><a href=\"https:\/\/api.whatsapp.com\/send?phone=5562985090675&amp;text=Boa%20noite,%20gostaria%20de%20ver%20o%20card%C3%A1pio!\" target=\"_blank\" rel=\"noopener\"><img loading=\"lazy\" decoding=\"async\" class=\"alignnone\" src=\"https:\/\/jornalvalenews.com.br\/wp-content\/uploads\/2024\/03\/pizza-gif.gif\" alt=\"\" width=\"800\" height=\"666\" \/><\/a><\/p>\n<p data-pm-slice=\"1 1 []\">Nesta ter\u00e7a-feira, 11 de fevereiro de 2025, a C\u00e2mara Municipal de Ceres declarou a extin\u00e7\u00e3o do mandato do vereador <strong>Osvaldo Jos\u00e9 Seabra J\u00fanior<\/strong> (PL) e convocou o suplente <strong>Lucas Rodrigues de Melo<\/strong> para assumir a vaga. A decis\u00e3o foi oficializada por meio da Portaria n\u00ba 35\/2025, assinada pelo presidente da Casa Legislativa, Glic\u00e9rio de Moraes Mendes J\u00fanior.<\/p>\n<p>Osvaldo Jos\u00e9 Seabra J\u00fanior tomou posse como vereador mesmo estando foragido da Justi\u00e7a. Sua posse foi suspensa ap\u00f3s recomenda\u00e7\u00e3o do Minist\u00e9rio P\u00fablico de Goi\u00e1s (MP-GO). A C\u00e2mara informou que s\u00f3 teve conhecimento do mandado de pris\u00e3o preventiva contra o parlamentar ap\u00f3s sua posse. <strong>Osvaldo Cabal<\/strong>, como \u00e9 conhecido, \u00e9 suspeito de envolvimento em atividades ilegais investigadas pela <strong>Opera\u00e7\u00e3o Ephedra<\/strong>.<\/p>\n<p>De acordo com o despacho da C\u00e2mara Municipal de Ceres, a decis\u00e3o de extin\u00e7\u00e3o do mandato de Osvaldo Seabra foi tomada ap\u00f3s o parlamentar n\u00e3o apresentar defesa dentro do prazo estabelecido no Processo Administrativo 2025000094 e na Portaria 022\/2025. Com isso, foi determinada a convoca\u00e7\u00e3o do suplente Lucas Rodrigues de Melo, segundo mais votado pelo PL no munic\u00edpio nas elei\u00e7\u00f5es de 2024, para assumir a cadeira.<\/p>\n<p><strong>Lucas Rodrigues de Melo<\/strong> dever\u00e1 comparecer \u00e0 C\u00e2mara Municipal de Ceres na quarta-feira, 12 de fevereiro de 2025, para tomar posse como vereador. Segundo a C\u00e2mara de Ceres, a sua decis\u00e3o refor\u00e7a o cumprimento da legisla\u00e7\u00e3o e do Regimento Interno da Casa Legislativa. <em>A reportagem n\u00e3o conseguiu contato com a defesa de Osvaldo para manifestar-se sobre o fato.<\/em><\/p>\n<p><strong>Confira:<\/strong><\/p>\n<p><img loading=\"lazy\" decoding=\"async\" class=\"wp-image-2618 aligncenter\" src=\"https:\/\/jornalvalenews.com.br\/wp-content\/uploads\/2025\/02\/portaria-240x300.jpg\" alt=\"\" width=\"700\" height=\"875\" srcset=\"https:\/\/jornalvalenews.com.br\/wp-content\/uploads\/2025\/02\/portaria-240x300.jpg 240w, https:\/\/jornalvalenews.com.br\/wp-content\/uploads\/2025\/02\/portaria-819x1024.jpg 819w, https:\/\/jornalvalenews.com.br\/wp-content\/uploads\/2025\/02\/portaria-768x960.jpg 768w, https:\/\/jornalvalenews.com.br\/wp-content\/uploads\/2025\/02\/portaria.jpg 828w\" sizes=\"(max-width: 700px) 100vw, 700px\" \/><\/p>\n<p><img loading=\"lazy\" decoding=\"async\" class=\"wp-image-2620 aligncenter\" src=\"https:\/\/jornalvalenews.com.br\/wp-content\/uploads\/2025\/02\/despacho-240x300.jpg\" alt=\"\" width=\"700\" height=\"875\" srcset=\"https:\/\/jornalvalenews.com.br\/wp-content\/uploads\/2025\/02\/despacho-240x300.jpg 240w, https:\/\/jornalvalenews.com.br\/wp-content\/uploads\/2025\/02\/despacho-819x1024.jpg 819w, https:\/\/jornalvalenews.com.br\/wp-content\/uploads\/2025\/02\/despacho-768x960.jpg 768w, https:\/\/jornalvalenews.com.br\/wp-content\/uploads\/2025\/02\/despacho.jpg 828w\" sizes=\"(max-width: 700px) 100vw, 700px\" \/><\/p>\n<p><img loading=\"lazy\" decoding=\"async\" class=\"wp-image-2619 aligncenter\" src=\"https:\/\/jornalvalenews.com.br\/wp-content\/uploads\/2025\/02\/convocacao-240x300.jpg\" alt=\"\" width=\"700\" height=\"875\" srcset=\"https:\/\/jornalvalenews.com.br\/wp-content\/uploads\/2025\/02\/convocacao-240x300.jpg 240w, https:\/\/jornalvalenews.com.br\/wp-content\/uploads\/2025\/02\/convocacao-819x1024.jpg 819w, https:\/\/jornalvalenews.com.br\/wp-content\/uploads\/2025\/02\/convocacao-768x960.jpg 768w, https:\/\/jornalvalenews.com.br\/wp-content\/uploads\/2025\/02\/convocacao.jpg 828w\" sizes=\"(max-width: 700px) 100vw, 700px\" \/><\/p>\n<h4><\/h4>\n<h4>Voc\u00ea tem Instagram?! Siga o Jornal Vale News e fique por dentro das principais not\u00edcias da regi\u00e3o:\u00a0<a href=\"https:\/\/www.instagram.com\/jornalvalenews\/\" target=\"_blank\" rel=\"noopener\">clique aqui.<\/a><\/h4>\n","protected":false},"excerpt":{"rendered":"<p>Nesta ter\u00e7a-feira, 11 de fevereiro de 2025, a C\u00e2mara Municipal de Ceres declarou a extin\u00e7\u00e3o do mandato do vereador Osvaldo Jos\u00e9 Seabra J\u00fanior (PL) e convocou o suplente Lucas Rodrigues de Melo para assumir a vaga. A decis\u00e3o foi oficializada por meio da Portaria n\u00ba 35\/2025, assinada pelo presidente da Casa Legislativa, Glic\u00e9rio de Moraes [&hellip;]<\/p>\n","protected":false},"author":1,"featured_media":2614,"comment_status":"open","ping_status":"open","sticky":false,"template":"","format":"standard","meta":{"om_disable_all_campaigns":false,"footnotes":"","jetpack_publicize_message":"","jetpack_publicize_feature_enabled":true,"jetpack_social_post_already_shared":true,"jetpack_social_options":{"image_generator_settings":{"template":"highway","enabled":false}}},"categories":[11,8,5,9],"tags":[309,443,441,182,442,444],"jetpack_publicize_connections":[],"jetpack_sharing_enabled":true,"jetpack_featured_media_url":"https:\/\/jornalvalenews.com.br\/wp-content\/uploads\/2025\/02\/Copia-de-21a-Semana-55.png","_links":{"self":[{"href":"https:\/\/jornalvalenews.com.br\/index.php\/wp-json\/wp\/v2\/posts\/2613"}],"collection":[{"href":"https:\/\/jornalvalenews.com.br\/index.php\/wp-json\/wp\/v2\/posts"}],"about":[{"href":"https:\/\/jornalvalenews.com.br\/index.php\/wp-json\/wp\/v2\/types\/post"}],"author":[{"embeddable":true,"href":"https:\/\/jornalvalenews.com.br\/index.php\/wp-json\/wp\/v2\/users\/1"}],"replies":[{"embeddable":true,"href":"https:\/\/jornalvalenews.com.br\/index.php\/wp-json\/wp\/v2\/comments?post=2613"}],"version-history":[{"count":4,"href":"https:\/\/jornalvalenews.com.br\/index.php\/wp-json\/wp\/v2\/posts\/2613\/revisions"}],"predecessor-version":[{"id":2621,"href":"https:\/\/jornalvalenews.com.br\/index.php\/wp-json\/wp\/v2\/posts\/2613\/revisions\/2621"}],"wp:featuredmedia":[{"embeddable":true,"href":"https:\/\/jornalvalenews.com.br\/index.php\/wp-json\/wp\/v2\/media\/2614"}],"wp:attachment":[{"href":"https:\/\/jornalvalenews.com.br\/index.php\/wp-json\/wp\/v2\/media?parent=2613"}],"wp:term":[{"taxonomy":"category","embeddable":true,"href":"https:\/\/jornalvalenews.com.br\/index.php\/wp-json\/wp\/v2\/categories?post=2613"},{"taxonomy":"post_tag","embeddable":true,"href":"https:\/\/jornalvalenews.com.br\/index.php\/wp-json\/wp\/v2\/tags?post=2613"}],"curies":[{"name":"wp","href":"https:\/\/api.w.org\/{rel}","templated":true}]}}