{"id":2484,"date":"2025-01-21T19:34:08","date_gmt":"2025-01-21T22:34:08","guid":{"rendered":"https:\/\/jornalvalenews.com.br\/?p=2484"},"modified":"2025-01-21T19:34:08","modified_gmt":"2025-01-21T22:34:08","slug":"com-apoio-de-mais-de-80-prefeitos-paulo-vitor-oficializa-candidatura-e-caminha-para-presidir-a-fgm","status":"publish","type":"post","link":"https:\/\/jornalvalenews.com.br\/index.php\/2025\/01\/21\/com-apoio-de-mais-de-80-prefeitos-paulo-vitor-oficializa-candidatura-e-caminha-para-presidir-a-fgm\/","title":{"rendered":"Com apoio de mais de 80 prefeitos, Paulo Vitor oficializa candidatura e caminha para presidir a FGM"},"content":{"rendered":"<p>&nbsp;<\/p>\n<p><a href=\"https:\/\/api.whatsapp.com\/send?phone=5562998212725&amp;text=Ol%C3%A1,%20gostaria%20de%20falar%20com%20a%20secret%C3%A1ria%20do%20Dr.%20Paulo%20e%20Dra.%20Caroline\" target=\"_blank\" rel=\"noopener\"><img loading=\"lazy\" decoding=\"async\" class=\"alignnone\" src=\"https:\/\/jornalvalenews.com.br\/wp-content\/uploads\/2024\/08\/novo-gif-dr.-paulo.gif\" alt=\"\" width=\"800\" height=\"666\" \/><\/a><\/p>\n<p>&nbsp;<\/p>\n<p>A chapa Municipalismo Forte e Independente, liderada pelo prefeito de Jaragu\u00e1, <strong>Paulo Vitor Avelar<\/strong>, foi registrada oficialmente para disputar a presid\u00eancia da<strong> Federa\u00e7\u00e3o Goiana dos Munic\u00edpios (FGM)<\/strong>. Composta por mais de 80 prefeitos, a chapa \u00e9 a \u00fanica inscrita para o pleito, que ocorrer\u00e1 no pr\u00f3ximo dia 11 de abril, e simboliza a uni\u00e3o e o compromisso com o fortalecimento do di\u00e1logo entre os munic\u00edpios de Goi\u00e1s.<\/p>\n<p>O registro foi realizado na sede da FGM e contou com a presen\u00e7a da prefeita de Rio Quente, Ana Paula Lima Machado, e do prefeito de Novo Gama, Carlinhos do Mang\u00e3o, que representaram os mais de 80 gestores que integram a chapa e refor\u00e7aram seu apoio para os desafios do pr\u00f3ximo mandato.<\/p>\n<p><strong>Apoio decisivo fortalece o municipalismo<\/strong><\/p>\n<p>Paulo Vitor destacou a import\u00e2ncia do apoio do governador Ronaldo Caiado e da primeira-dama Gracinha Caiado, que sempre demonstraram compromisso com as pautas municipalistas. Ele tamb\u00e9m ressaltou o papel fundamental do vice-governador Daniel Vilela, do presidente da Assembleia Legislativa, Bruno Peixoto, e do deputado estadual Lineu Ol\u00edmpio na condu\u00e7\u00e3o do di\u00e1logo com os prefeitos.<\/p>\n<p>\u201cAgradecemos ao governador Ronaldo Caiado e \u00e0 primeira-dama Gracinha Caiado, que t\u00eam sido grandes parceiros dos munic\u00edpios. Tamb\u00e9m reconhecemos o trabalho do vice-governador Daniel Vilela, do deputado Lineu Ol\u00edmpio e do presidente Bruno Peixoto, que sempre apoiaram nossas demandas e nos ajudaram a construir pontes para fortalecer o municipalismo em Goi\u00e1s\u201d, afirmou Paulo Vitor.<\/p>\n<p><strong>Compromisso com uma gest\u00e3o coletiva e representativa<\/strong><\/p>\n<p>Paulo Vitor, que lidera a chapa Municipalismo Forte e Independente, enfatizou que a proposta da chapa \u00e9 construir uma gest\u00e3o coletiva e inclusiva, ouvindo os prefeitos e promovendo parcerias que beneficiem os munic\u00edpios goianos.<\/p>\n<p>\u201c\u00c9 uma honra estar \u00e0 frente deste projeto, mas sabemos que ele s\u00f3 ser\u00e1 poss\u00edvel gra\u00e7as ao apoio e \u00e0 uni\u00e3o de todos os prefeitos que acreditam em nossa proposta. Nosso compromisso \u00e9 trabalhar com humildade e di\u00e1logo, sempre buscando solu\u00e7\u00f5es que fortale\u00e7am nossas cidades e promovam o desenvolvimento regional\u201d, disse.<\/p>\n<p><strong>Uni\u00e3o em torno do fortalecimento da FGM<\/strong><\/p>\n<p>A forma\u00e7\u00e3o de uma chapa \u00fanica reflete a maturidade pol\u00edtica e a coes\u00e3o entre os prefeitos goianos, que priorizam o fortalecimento do municipalismo. A elei\u00e7\u00e3o do dia 11 de abril representa um marco importante para a FGM, refor\u00e7ando a necessidade de di\u00e1logo, parceria e compromisso com os interesses coletivos dos munic\u00edpios.<\/p>\n<p>A chapa Municipalismo Forte e Independente traz consigo o desafio de liderar um novo mandato com base na uni\u00e3o e no trabalho conjunto, consolidando a Federa\u00e7\u00e3o Goiana dos Munic\u00edpios como refer\u00eancia de representatividade e defesa dos munic\u00edpios.<\/p>\n<figure id=\"attachment_2486\" aria-describedby=\"caption-attachment-2486\" style=\"width: 750px\" class=\"wp-caption aligncenter\"><img loading=\"lazy\" decoding=\"async\" class=\" wp-image-2486\" src=\"https:\/\/jornalvalenews.com.br\/wp-content\/uploads\/2025\/01\/3deb4706-3a25-44d0-bf5d-7ea7a37c73a5-300x169.jpeg\" alt=\"\" width=\"750\" height=\"423\" srcset=\"https:\/\/jornalvalenews.com.br\/wp-content\/uploads\/2025\/01\/3deb4706-3a25-44d0-bf5d-7ea7a37c73a5-300x169.jpeg 300w, https:\/\/jornalvalenews.com.br\/wp-content\/uploads\/2025\/01\/3deb4706-3a25-44d0-bf5d-7ea7a37c73a5-1024x576.jpeg 1024w, https:\/\/jornalvalenews.com.br\/wp-content\/uploads\/2025\/01\/3deb4706-3a25-44d0-bf5d-7ea7a37c73a5-768x432.jpeg 768w, https:\/\/jornalvalenews.com.br\/wp-content\/uploads\/2025\/01\/3deb4706-3a25-44d0-bf5d-7ea7a37c73a5-1536x864.jpeg 1536w, https:\/\/jornalvalenews.com.br\/wp-content\/uploads\/2025\/01\/3deb4706-3a25-44d0-bf5d-7ea7a37c73a5.jpeg 1600w\" sizes=\"(max-width: 750px) 100vw, 750px\" \/><figcaption id=\"caption-attachment-2486\" class=\"wp-caption-text\">Foto: divulga\u00e7\u00e3o<\/figcaption><\/figure>\n<figure id=\"attachment_2488\" aria-describedby=\"caption-attachment-2488\" style=\"width: 750px\" class=\"wp-caption aligncenter\"><img loading=\"lazy\" decoding=\"async\" class=\" wp-image-2488\" src=\"https:\/\/jornalvalenews.com.br\/wp-content\/uploads\/2025\/01\/384d7fed-be46-4dbd-8f07-588d5afa081a-300x225.jpeg\" alt=\"\" width=\"750\" height=\"562\" srcset=\"https:\/\/jornalvalenews.com.br\/wp-content\/uploads\/2025\/01\/384d7fed-be46-4dbd-8f07-588d5afa081a-300x225.jpeg 300w, https:\/\/jornalvalenews.com.br\/wp-content\/uploads\/2025\/01\/384d7fed-be46-4dbd-8f07-588d5afa081a-1024x768.jpeg 1024w, https:\/\/jornalvalenews.com.br\/wp-content\/uploads\/2025\/01\/384d7fed-be46-4dbd-8f07-588d5afa081a-768x576.jpeg 768w, https:\/\/jornalvalenews.com.br\/wp-content\/uploads\/2025\/01\/384d7fed-be46-4dbd-8f07-588d5afa081a-1536x1152.jpeg 1536w, https:\/\/jornalvalenews.com.br\/wp-content\/uploads\/2025\/01\/384d7fed-be46-4dbd-8f07-588d5afa081a-136x102.jpeg 136w, https:\/\/jornalvalenews.com.br\/wp-content\/uploads\/2025\/01\/384d7fed-be46-4dbd-8f07-588d5afa081a.jpeg 1600w\" sizes=\"(max-width: 750px) 100vw, 750px\" \/><figcaption id=\"caption-attachment-2488\" class=\"wp-caption-text\">Foto: divulga\u00e7\u00e3o<\/figcaption><\/figure>\n<h4>Voc\u00ea tem Instagram?! Siga o Jornal Vale News e fique por dentro das principais not\u00edcias da regi\u00e3o:\u00a0<a href=\"https:\/\/www.instagram.com\/jornalvalenews\/\" target=\"_blank\" rel=\"noopener\">clique aqui.<\/a><\/h4>\n","protected":false},"excerpt":{"rendered":"<p>&nbsp; &nbsp; A chapa Municipalismo Forte e Independente, liderada pelo prefeito de Jaragu\u00e1, Paulo Vitor Avelar, foi registrada oficialmente para disputar a presid\u00eancia da Federa\u00e7\u00e3o Goiana dos Munic\u00edpios (FGM). Composta por mais de 80 prefeitos, a chapa \u00e9 a \u00fanica inscrita para o pleito, que ocorrer\u00e1 no pr\u00f3ximo dia 11 de abril, e simboliza a [&hellip;]<\/p>\n","protected":false},"author":1,"featured_media":2487,"comment_status":"open","ping_status":"open","sticky":false,"template":"","format":"standard","meta":{"om_disable_all_campaigns":false,"footnotes":"","jetpack_publicize_message":"","jetpack_publicize_feature_enabled":true,"jetpack_social_post_already_shared":true,"jetpack_social_options":{"image_generator_settings":{"template":"highway","enabled":false}}},"categories":[8,5,9],"tags":[382,64,245,381,295,380],"jetpack_publicize_connections":[],"jetpack_sharing_enabled":true,"jetpack_featured_media_url":"https:\/\/jornalvalenews.com.br\/wp-content\/uploads\/2025\/01\/00ed0e4e-fd0c-40f7-80bb-f63447c84203.jpeg","_links":{"self":[{"href":"https:\/\/jornalvalenews.com.br\/index.php\/wp-json\/wp\/v2\/posts\/2484"}],"collection":[{"href":"https:\/\/jornalvalenews.com.br\/index.php\/wp-json\/wp\/v2\/posts"}],"about":[{"href":"https:\/\/jornalvalenews.com.br\/index.php\/wp-json\/wp\/v2\/types\/post"}],"author":[{"embeddable":true,"href":"https:\/\/jornalvalenews.com.br\/index.php\/wp-json\/wp\/v2\/users\/1"}],"replies":[{"embeddable":true,"href":"https:\/\/jornalvalenews.com.br\/index.php\/wp-json\/wp\/v2\/comments?post=2484"}],"version-history":[{"count":1,"href":"https:\/\/jornalvalenews.com.br\/index.php\/wp-json\/wp\/v2\/posts\/2484\/revisions"}],"predecessor-version":[{"id":2489,"href":"https:\/\/jornalvalenews.com.br\/index.php\/wp-json\/wp\/v2\/posts\/2484\/revisions\/2489"}],"wp:featuredmedia":[{"embeddable":true,"href":"https:\/\/jornalvalenews.com.br\/index.php\/wp-json\/wp\/v2\/media\/2487"}],"wp:attachment":[{"href":"https:\/\/jornalvalenews.com.br\/index.php\/wp-json\/wp\/v2\/media?parent=2484"}],"wp:term":[{"taxonomy":"category","embeddable":true,"href":"https:\/\/jornalvalenews.com.br\/index.php\/wp-json\/wp\/v2\/categories?post=2484"},{"taxonomy":"post_tag","embeddable":true,"href":"https:\/\/jornalvalenews.com.br\/index.php\/wp-json\/wp\/v2\/tags?post=2484"}],"curies":[{"name":"wp","href":"https:\/\/api.w.org\/{rel}","templated":true}]}}