{"id":231,"date":"2024-03-19T12:18:56","date_gmt":"2024-03-19T15:18:56","guid":{"rendered":"https:\/\/jornalvalenews.com.br\/?p=231"},"modified":"2024-03-19T12:18:56","modified_gmt":"2024-03-19T15:18:56","slug":"acidente-na-go-154-entre-uruana-e-carmo-do-rio-verde-deixa-uma-pessoa-ferida","status":"publish","type":"post","link":"https:\/\/jornalvalenews.com.br\/index.php\/2024\/03\/19\/acidente-na-go-154-entre-uruana-e-carmo-do-rio-verde-deixa-uma-pessoa-ferida\/","title":{"rendered":"Acidente na GO-154, entre Uruana e Carmo do Rio Verde, deixa uma pessoa ferida"},"content":{"rendered":"<p>&nbsp;<\/p>\n<p><a href=\"https:\/\/api.whatsapp.com\/send?phone=5562998212725&amp;text=Ol%C3%A1,%20gostaria%20de%20falar%20com%20a%20secret%C3%A1ria%20do%20Dr.%20Paulo%20e%20Dra.%20Caroline\" target=\"_blank\" rel=\"noopener\"><img loading=\"lazy\" decoding=\"async\" class=\"aligncenter\" src=\"https:\/\/jornalvalenews.com.br\/wp-content\/uploads\/2024\/03\/paulo-gif.gif\" alt=\"\" width=\"300\" height=\"250\" \/><\/a><\/p>\n<p>&nbsp;<\/p>\n<p>Um acidente de tr\u00e2nsito na GO-154, entre Uruana e Carmo do Rio Verde, no \u00faltimo domingo, 17 de mar\u00e7o, deixou um homem de 46 anos ferido.<\/p>\n<p>De acordo com informa\u00e7\u00f5es da Pol\u00edcia Militar (PM), a v\u00edtima conduzia um VW Santana, no sentido Uruana \u00e0 Carmo, quando, por motivos desconhecidos, o carro saiu da pista e caiu em um barranco de aproximadamente 5 metros de altura. Ap\u00f3s a queda, o carro ficou com os pneus para cima.<\/p>\n<p>O Servi\u00e7o de Atendimento M\u00f3vel de Urg\u00eancias (Samu) foi acionado por volta das 16h. O homem, que estava sozinho no ve\u00edculo, foi atendido no local e posteriormente encaminhado ao Hospital Municipal de Uruana.<\/p>\n","protected":false},"excerpt":{"rendered":"<p>&nbsp; &nbsp; Um acidente de tr\u00e2nsito na GO-154, entre Uruana e Carmo do Rio Verde, no \u00faltimo domingo, 17 de mar\u00e7o, deixou um homem de 46 anos ferido. De acordo com informa\u00e7\u00f5es da Pol\u00edcia Militar (PM), a v\u00edtima conduzia um VW Santana, no sentido Uruana \u00e0 Carmo, quando, por motivos desconhecidos, o carro saiu da [&hellip;]<\/p>\n","protected":false},"author":1,"featured_media":232,"comment_status":"open","ping_status":"open","sticky":false,"template":"","format":"standard","meta":{"om_disable_all_campaigns":false,"footnotes":"","jetpack_publicize_message":"","jetpack_publicize_feature_enabled":true,"jetpack_social_post_already_shared":true,"jetpack_social_options":{"image_generator_settings":{"template":"highway","enabled":false}}},"categories":[6,9],"tags":[51,53,52,29],"jetpack_publicize_connections":[],"jetpack_sharing_enabled":true,"jetpack_featured_media_url":"https:\/\/jornalvalenews.com.br\/wp-content\/uploads\/2024\/03\/1710809935.png","_links":{"self":[{"href":"https:\/\/jornalvalenews.com.br\/index.php\/wp-json\/wp\/v2\/posts\/231"}],"collection":[{"href":"https:\/\/jornalvalenews.com.br\/index.php\/wp-json\/wp\/v2\/posts"}],"about":[{"href":"https:\/\/jornalvalenews.com.br\/index.php\/wp-json\/wp\/v2\/types\/post"}],"author":[{"embeddable":true,"href":"https:\/\/jornalvalenews.com.br\/index.php\/wp-json\/wp\/v2\/users\/1"}],"replies":[{"embeddable":true,"href":"https:\/\/jornalvalenews.com.br\/index.php\/wp-json\/wp\/v2\/comments?post=231"}],"version-history":[{"count":1,"href":"https:\/\/jornalvalenews.com.br\/index.php\/wp-json\/wp\/v2\/posts\/231\/revisions"}],"predecessor-version":[{"id":233,"href":"https:\/\/jornalvalenews.com.br\/index.php\/wp-json\/wp\/v2\/posts\/231\/revisions\/233"}],"wp:featuredmedia":[{"embeddable":true,"href":"https:\/\/jornalvalenews.com.br\/index.php\/wp-json\/wp\/v2\/media\/232"}],"wp:attachment":[{"href":"https:\/\/jornalvalenews.com.br\/index.php\/wp-json\/wp\/v2\/media?parent=231"}],"wp:term":[{"taxonomy":"category","embeddable":true,"href":"https:\/\/jornalvalenews.com.br\/index.php\/wp-json\/wp\/v2\/categories?post=231"},{"taxonomy":"post_tag","embeddable":true,"href":"https:\/\/jornalvalenews.com.br\/index.php\/wp-json\/wp\/v2\/tags?post=231"}],"curies":[{"name":"wp","href":"https:\/\/api.w.org\/{rel}","templated":true}]}}