{"id":2231,"date":"2024-12-11T16:39:10","date_gmt":"2024-12-11T19:39:10","guid":{"rendered":"https:\/\/jornalvalenews.com.br\/?p=2231"},"modified":"2024-12-16T16:39:29","modified_gmt":"2024-12-16T19:39:29","slug":"dezembro-vermelho-e-laranja-proteja-se-informe-se-e-previna-se","status":"publish","type":"post","link":"https:\/\/jornalvalenews.com.br\/index.php\/2024\/12\/11\/dezembro-vermelho-e-laranja-proteja-se-informe-se-e-previna-se\/","title":{"rendered":"Dezembro Vermelho e Laranja: Proteja-se, informe-se e previna-se!"},"content":{"rendered":"<div class=\"flex max-w-full flex-col flex-grow\">\n<div class=\"min-h-8 text-message flex w-full flex-col items-end gap-2 whitespace-normal break-words text-start [.text-message+&amp;]:mt-5\" dir=\"auto\" data-message-author-role=\"assistant\" data-message-id=\"b5d0d8c7-ce0f-4d7b-a4ec-a0dce3b5e605\" data-message-model-slug=\"gpt-4o\">\n<div class=\"flex w-full flex-col gap-1 empty:hidden first:pt-[3px]\">\n<div class=\"markdown prose w-full break-words dark:prose-invert light\">\n<p>&nbsp;<\/p>\n<p><a href=\"http:\/\/ceres.go.gov.br\/\" target=\"_blank\" rel=\"noopener\"><img loading=\"lazy\" decoding=\"async\" class=\"alignnone\" src=\"https:\/\/jornalvalenews.com.br\/wp-content\/uploads\/2024\/03\/banner-prefeitura-de-ceres.png\" alt=\"\" width=\"888\" height=\"711\" \/><\/a><\/p>\n<\/div>\n<p>&nbsp;<\/p>\n<div class=\"markdown prose w-full break-words dark:prose-invert light\">\n<p>O m\u00eas de dezembro traz duas importantes campanhas nacionais de sa\u00fade: o <strong>Dezembro Vermelho<\/strong>, voltado \u00e0 conscientiza\u00e7\u00e3o e combate ao HIV\/AIDS e outras Infec\u00e7\u00f5es Sexualmente Transmiss\u00edveis (IST), e o <strong>Dezembro Laranja<\/strong>, que alerta para a preven\u00e7\u00e3o do c\u00e2ncer de pele, o tipo de tumor mais incidente no Brasil. Ambas as campanhas refor\u00e7am a necessidade de cuidados preventivos e a import\u00e2ncia do diagn\u00f3stico precoce para salvar vidas.<\/p>\n<p><strong>Dezembro Vermelho: Mobiliza\u00e7\u00e3o contra o HIV\/AIDS<\/strong><\/p>\n<p>Institu\u00eddo pela Lei n\u00ba 13.504\/2017, o Dezembro Vermelho busca engajar a sociedade na luta contra o HIV\/AIDS e outras ISTs. A campanha enfatiza:<\/p>\n<ul>\n<li><strong>Preven\u00e7\u00e3o:<\/strong> O uso de preservativos e a ades\u00e3o \u00e0 PrEP (Profilaxia Pr\u00e9-Exposi\u00e7\u00e3o) como m\u00e9todos eficazes.<\/li>\n<li><strong>Diagn\u00f3stico precoce:<\/strong> Realizar testes r\u00e1pidos \u00e9 fundamental para iniciar o tratamento o quanto antes.<\/li>\n<li><strong>Combate ao estigma:<\/strong> A conscientiza\u00e7\u00e3o ajuda a reduzir preconceitos que ainda cercam a condi\u00e7\u00e3o.<\/li>\n<\/ul>\n<p>Ao longo do m\u00eas, diversas a\u00e7\u00f5es educativas e de testagem gratuita s\u00e3o promovidas em unidades de sa\u00fade, buscando garantir acesso \u00e0 informa\u00e7\u00e3o e ao tratamento, al\u00e9m de dar suporte \u00e0s pessoas que convivem com o v\u00edrus.<\/p>\n<p><strong>Dezembro Laranja: Preven\u00e7\u00e3o ao c\u00e2ncer de pele<\/strong><\/p>\n<p>Liderada pela Sociedade Brasileira de Dermatologia (SBD), a campanha Dezembro Laranja alerta para a preven\u00e7\u00e3o do c\u00e2ncer de pele, que representa <strong>31,3% dos casos de c\u00e2ncer registrados no Brasil em 2023<\/strong>, segundo o Instituto Nacional do C\u00e2ncer (INCA).<\/p>\n<p>As a\u00e7\u00f5es da campanha incluem:<\/p>\n<ul>\n<li><strong>Incentivo ao uso di\u00e1rio de protetor solar<\/strong>, chap\u00e9us e roupas de prote\u00e7\u00e3o.<\/li>\n<li><strong>Exames preventivos:<\/strong> Identificar sinais suspeitos na pele pode levar ao diagn\u00f3stico precoce e ao tratamento eficaz.<\/li>\n<li><strong>Educa\u00e7\u00e3o:<\/strong> Informar a popula\u00e7\u00e3o sobre os riscos da exposi\u00e7\u00e3o excessiva ao sol e a ado\u00e7\u00e3o de h\u00e1bitos saud\u00e1veis.<\/li>\n<\/ul>\n<p><strong>Unidades de Sa\u00fade de Ceres est\u00e3o \u00e0 disposi\u00e7\u00e3o da popula\u00e7\u00e3o<\/strong><\/p>\n<p>A Prefeitura de Ceres, por meio da Secretaria Municipal de Sa\u00fade, convida os cidad\u00e3os a participarem das a\u00e7\u00f5es de conscientiza\u00e7\u00e3o, testagem e preven\u00e7\u00e3o realizadas em dezembro. Procure a unidade de sa\u00fade mais pr\u00f3xima, receba orienta\u00e7\u00f5es, fa\u00e7a seus exames preventivos e proteja sua sa\u00fade!<\/p>\n<p><em>Prevenir \u00e9 o melhor cuidado. Procure atendimento e cuide-se!<\/em><\/p>\n<\/div>\n<\/div>\n<\/div>\n<\/div>\n<div class=\"mb-2 flex gap-3 empty:hidden -ml-2\">\n<div class=\"items-center justify-start rounded-xl p-1 flex\">\n<div class=\"flex items-center\"><\/div>\n<\/div>\n<\/div>\n","protected":false},"excerpt":{"rendered":"<p>&nbsp; &nbsp; O m\u00eas de dezembro traz duas importantes campanhas nacionais de sa\u00fade: o Dezembro Vermelho, voltado \u00e0 conscientiza\u00e7\u00e3o e combate ao HIV\/AIDS e outras Infec\u00e7\u00f5es Sexualmente Transmiss\u00edveis (IST), e o Dezembro Laranja, que alerta para a preven\u00e7\u00e3o do c\u00e2ncer de pele, o tipo de tumor mais incidente no Brasil. Ambas as campanhas refor\u00e7am a [&hellip;]<\/p>\n","protected":false},"author":1,"featured_media":2232,"comment_status":"open","ping_status":"open","sticky":false,"template":"","format":"standard","meta":{"om_disable_all_campaigns":false,"footnotes":"","jetpack_publicize_message":"","jetpack_publicize_feature_enabled":true,"jetpack_social_post_already_shared":true,"jetpack_social_options":{"image_generator_settings":{"template":"highway","enabled":false}}},"categories":[11,8,5,46],"tags":[],"jetpack_publicize_connections":[],"jetpack_sharing_enabled":true,"jetpack_featured_media_url":"https:\/\/jornalvalenews.com.br\/wp-content\/uploads\/2024\/12\/87602226256.png","_links":{"self":[{"href":"https:\/\/jornalvalenews.com.br\/index.php\/wp-json\/wp\/v2\/posts\/2231"}],"collection":[{"href":"https:\/\/jornalvalenews.com.br\/index.php\/wp-json\/wp\/v2\/posts"}],"about":[{"href":"https:\/\/jornalvalenews.com.br\/index.php\/wp-json\/wp\/v2\/types\/post"}],"author":[{"embeddable":true,"href":"https:\/\/jornalvalenews.com.br\/index.php\/wp-json\/wp\/v2\/users\/1"}],"replies":[{"embeddable":true,"href":"https:\/\/jornalvalenews.com.br\/index.php\/wp-json\/wp\/v2\/comments?post=2231"}],"version-history":[{"count":1,"href":"https:\/\/jornalvalenews.com.br\/index.php\/wp-json\/wp\/v2\/posts\/2231\/revisions"}],"predecessor-version":[{"id":2233,"href":"https:\/\/jornalvalenews.com.br\/index.php\/wp-json\/wp\/v2\/posts\/2231\/revisions\/2233"}],"wp:featuredmedia":[{"embeddable":true,"href":"https:\/\/jornalvalenews.com.br\/index.php\/wp-json\/wp\/v2\/media\/2232"}],"wp:attachment":[{"href":"https:\/\/jornalvalenews.com.br\/index.php\/wp-json\/wp\/v2\/media?parent=2231"}],"wp:term":[{"taxonomy":"category","embeddable":true,"href":"https:\/\/jornalvalenews.com.br\/index.php\/wp-json\/wp\/v2\/categories?post=2231"},{"taxonomy":"post_tag","embeddable":true,"href":"https:\/\/jornalvalenews.com.br\/index.php\/wp-json\/wp\/v2\/tags?post=2231"}],"curies":[{"name":"wp","href":"https:\/\/api.w.org\/{rel}","templated":true}]}}