{"id":1911,"date":"2024-10-29T19:00:54","date_gmt":"2024-10-29T22:00:54","guid":{"rendered":"https:\/\/jornalvalenews.com.br\/?p=1911"},"modified":"2024-10-30T11:44:30","modified_gmt":"2024-10-30T14:44:30","slug":"prefeitura-de-rialma-realizara-forro-da-melhor-idade-nesta-quarta-feira-30-a-partir-das-13h-participe","status":"publish","type":"post","link":"https:\/\/jornalvalenews.com.br\/index.php\/2024\/10\/29\/prefeitura-de-rialma-realizara-forro-da-melhor-idade-nesta-quarta-feira-30-a-partir-das-13h-participe\/","title":{"rendered":"Prefeitura de Rialma realizar\u00e1 Forr\u00f3 da Melhor Idade nesta quarta-feira (30) a partir das 13h: participe!"},"content":{"rendered":"<p>&nbsp;<\/p>\n<p><a href=\"https:\/\/www.rialma.go.gov.br\/\" target=\"_blank\" rel=\"noopener\"><img loading=\"lazy\" decoding=\"async\" class=\"alignnone\" src=\"https:\/\/jornalvalenews.com.br\/wp-content\/uploads\/2024\/03\/logo-prefeitura-de-rialma.png\" alt=\"\" width=\"823\" height=\"705\" \/><\/a><\/p>\n<p>&nbsp;<\/p>\n<p>A Prefeitura Municipal de Rialma, atrav\u00e9s da Secretaria de Assist\u00eancia Social, promove mais uma edi\u00e7\u00e3o do Forr\u00f3 da Melhor Idade nesta quarta-feira, 30 de outubro.<\/p>\n<p>A festividade ser\u00e1 realizada no Servi\u00e7o de Conviv\u00eancia e Fortalecimento de V\u00ednculos (antigo PETI), a partir das 13h.<\/p>\n<p>O evento busca proporcionar \u00e0 popula\u00e7\u00e3o idosa momentos de conviv\u00eancia, lazer e socializa\u00e7\u00e3o, com o objetivo de fortalecer v\u00ednculos familiares e comunit\u00e1rios, elevar a autoestima e promover a qualidade de vida.<\/p>\n<p>A iniciativa tamb\u00e9m visa a valoriza\u00e7\u00e3o dos direitos da terceira idade, contribuindo para o rompimento do isolamento social e refor\u00e7ando a import\u00e2ncia do acolhimento e bem-estar desse p\u00fablico.<\/p>\n","protected":false},"excerpt":{"rendered":"<p>&nbsp; &nbsp; A Prefeitura Municipal de Rialma, atrav\u00e9s da Secretaria de Assist\u00eancia Social, promove mais uma edi\u00e7\u00e3o do Forr\u00f3 da Melhor Idade nesta quarta-feira, 30 de outubro. A festividade ser\u00e1 realizada no Servi\u00e7o de Conviv\u00eancia e Fortalecimento de V\u00ednculos (antigo PETI), a partir das 13h. O evento busca proporcionar \u00e0 popula\u00e7\u00e3o idosa momentos de conviv\u00eancia, [&hellip;]<\/p>\n","protected":false},"author":1,"featured_media":1912,"comment_status":"open","ping_status":"open","sticky":false,"template":"","format":"standard","meta":{"om_disable_all_campaigns":false,"footnotes":"","jetpack_publicize_message":"","jetpack_publicize_feature_enabled":true,"jetpack_social_post_already_shared":true,"jetpack_social_options":{"image_generator_settings":{"template":"highway","enabled":false}}},"categories":[8,5,12],"tags":[],"jetpack_publicize_connections":[],"jetpack_sharing_enabled":true,"jetpack_featured_media_url":"https:\/\/jornalvalenews.com.br\/wp-content\/uploads\/2024\/10\/Copia-de-21a-Semana-32.png","_links":{"self":[{"href":"https:\/\/jornalvalenews.com.br\/index.php\/wp-json\/wp\/v2\/posts\/1911"}],"collection":[{"href":"https:\/\/jornalvalenews.com.br\/index.php\/wp-json\/wp\/v2\/posts"}],"about":[{"href":"https:\/\/jornalvalenews.com.br\/index.php\/wp-json\/wp\/v2\/types\/post"}],"author":[{"embeddable":true,"href":"https:\/\/jornalvalenews.com.br\/index.php\/wp-json\/wp\/v2\/users\/1"}],"replies":[{"embeddable":true,"href":"https:\/\/jornalvalenews.com.br\/index.php\/wp-json\/wp\/v2\/comments?post=1911"}],"version-history":[{"count":1,"href":"https:\/\/jornalvalenews.com.br\/index.php\/wp-json\/wp\/v2\/posts\/1911\/revisions"}],"predecessor-version":[{"id":1913,"href":"https:\/\/jornalvalenews.com.br\/index.php\/wp-json\/wp\/v2\/posts\/1911\/revisions\/1913"}],"wp:featuredmedia":[{"embeddable":true,"href":"https:\/\/jornalvalenews.com.br\/index.php\/wp-json\/wp\/v2\/media\/1912"}],"wp:attachment":[{"href":"https:\/\/jornalvalenews.com.br\/index.php\/wp-json\/wp\/v2\/media?parent=1911"}],"wp:term":[{"taxonomy":"category","embeddable":true,"href":"https:\/\/jornalvalenews.com.br\/index.php\/wp-json\/wp\/v2\/categories?post=1911"},{"taxonomy":"post_tag","embeddable":true,"href":"https:\/\/jornalvalenews.com.br\/index.php\/wp-json\/wp\/v2\/tags?post=1911"}],"curies":[{"name":"wp","href":"https:\/\/api.w.org\/{rel}","templated":true}]}}