{"id":1718,"date":"2024-10-09T11:05:52","date_gmt":"2024-10-09T14:05:52","guid":{"rendered":"https:\/\/jornalvalenews.com.br\/?p=1718"},"modified":"2024-10-09T11:05:52","modified_gmt":"2024-10-09T14:05:52","slug":"camara-municipal-de-ceres-realiza-a-2a-sessao-ordinaria-do-mes-de-outubro-de-2024-confira","status":"publish","type":"post","link":"https:\/\/jornalvalenews.com.br\/index.php\/2024\/10\/09\/camara-municipal-de-ceres-realiza-a-2a-sessao-ordinaria-do-mes-de-outubro-de-2024-confira\/","title":{"rendered":"C\u00e2mara Municipal de Ceres realiza a 2\u00aa Sess\u00e3o Ordin\u00e1ria do m\u00eas de outubro de 2024: confira"},"content":{"rendered":"<p>&nbsp;<\/p>\n<p><a href=\"https:\/\/api.whatsapp.com\/send?phone=5562994225999&amp;text=Ol%C3%A1,%20gostaria%20de%20saber%20mais%20sobre%20os%20an%C3%BAncios%20no%20Jornal%20Vale%20News.%20\" target=\"_blank\" rel=\"noopener\"><img loading=\"lazy\" decoding=\"async\" class=\"aligncenter\" src=\"https:\/\/jornalvalenews.com.br\/wp-content\/uploads\/2024\/03\/arte-2024-anuncio-Copia-716x1024.png\" alt=\"\" width=\"716\" height=\"1024\" \/><\/a><\/p>\n<p>&nbsp;<\/p>\n<p>Na \u00faltima ter\u00e7a-feira, dia 08, foi realizada a 2\u00aa Sess\u00e3o Ordin\u00e1ria do m\u00eas de outubro de 2024 da C\u00e2mara Municipal de Ceres, sob a presid\u00eancia do Vereador Frederico de Oliveira Santos.<\/p>\n<p><strong>Na oportunidade foram votadas e aprovadas as seguintes mat\u00e9rias:<\/strong><\/p>\n<p class=\"s13\"><span class=\"s9\"><span class=\"bumpedFont15\">Mo\u00e7\u00e3o de Pesar<\/span><\/span> <span class=\"s9\"><span class=\"bumpedFont15\">Pelo Falecimento de Maria Rita Melo Gon\u00e7alves. <\/span><\/span><\/p>\n<p class=\"s15\"><span class=\"s9\"><span class=\"bumpedFont15\">Mo\u00e7\u00e3o de Aplausos <\/span><\/span><span class=\"s9\"><span class=\"bumpedFont15\">ao Maestro e Coristas do<\/span><\/span><span class=\"s9\"><span class=\"bumpedFont15\">Coral Ad Gloriam <\/span><\/span><span class=\"s9\"><span class=\"bumpedFont15\">(em comemora\u00e7\u00e3o aos 30 anos)<\/span><\/span><span class=\"s12\"><span class=\"bumpedFont15\">.<\/span><\/span><\/p>\n<p class=\"s16\"><span class=\"s12\"><span class=\"bumpedFont15\">Maestro<\/span><\/span><span class=\"s9\"><span class=\"bumpedFont15\">: Edson Donizeti Marra Junior.<\/span><\/span><\/p>\n<p class=\"s17\"><span class=\"s12\"><span class=\"bumpedFont15\">Coristas: <\/span><\/span><span class=\"s9\"><span class=\"bumpedFont15\">Amanda Fernanda Rodrigues da Silva; \u00c2ngela Maria de Carvalho Souza; Belcina Lopes de Souza; Danthy Marcio Barbosa; Eva de Jesus Oliveira; Jonatham Pereira Furtado; Lucas de Souza Ferreira; Lilia Messias; Mauri Benedito; Maria Aparecida Pereira; Maria da Gl\u00f3ria Modesto; Nadia Maria de Jesus; Nildete de Freitas Urcino; Norma Fernandes Ribeiro; Otaides Mariano de Souza; Poliane Pereira Alves Ara\u00fajo; Selma Alves de Carvalho Quaresma; Talles C\u00e9sar Martins da Silva; Ver\u00f4nica Vieira de Ara\u00fajo; Vic<\/span><\/span><span class=\"s9\"><span class=\"bumpedFont15\">tor Gabriel dos Santos Oliveira.<\/span><\/span><\/p>\n<p><strong>Tamb\u00e9m foi votado e aprovado o seguinte requerimento:<\/strong><\/p>\n<p class=\"s19\"><span class=\"s18\"><span class=\"bumpedFont15\">N\u00ba.<\/span><\/span><span class=\"s18\"><span class=\"bumpedFont15\"> 145<\/span><\/span><span class=\"s18\"><span class=\"bumpedFont15\">\/2024:<\/span><\/span> de <span class=\"s9\"><span class=\"bumpedFont15\">autoria da vereadora <\/span><\/span><span class=\"s9\"><span class=\"bumpedFont15\">Elian Bernadete De Faria Oliveira<\/span><\/span><span class=\"s9\"><span class=\"bumpedFont15\">, que requer<\/span><\/span><span class=\"s9\"><span class=\"bumpedFont15\"> ao Chefe do Poder Executivo e \u00e0 Secretaria de Meio Ambiente e Saneamento a cria\u00e7\u00e3o do Cadastro Municipal de Entidades Ambientalistas e afins.<\/span><\/span><\/p>\n<p class=\"s19\"><span class=\"s12\"><span class=\"bumpedFont15\">Justificativa<\/span><\/span><span class=\"s12\"><span class=\"bumpedFont15\">:<\/span><\/span><span class=\"s9\"><span class=\"bumpedFont15\"> para mapear e identificar as organiza\u00e7\u00f5es que se dedicam \u00e0 preserva\u00e7\u00e3o ambiental.<\/span><\/span><\/p>\n<p>&nbsp;<\/p>\n","protected":false},"excerpt":{"rendered":"<p>&nbsp; &nbsp; Na \u00faltima ter\u00e7a-feira, dia 08, foi realizada a 2\u00aa Sess\u00e3o Ordin\u00e1ria do m\u00eas de outubro de 2024 da C\u00e2mara Municipal de Ceres, sob a presid\u00eancia do Vereador Frederico de Oliveira Santos. Na oportunidade foram votadas e aprovadas as seguintes mat\u00e9rias: Mo\u00e7\u00e3o de Pesar Pelo Falecimento de Maria Rita Melo Gon\u00e7alves. Mo\u00e7\u00e3o de Aplausos [&hellip;]<\/p>\n","protected":false},"author":1,"featured_media":1720,"comment_status":"open","ping_status":"open","sticky":false,"template":"","format":"standard","meta":{"om_disable_all_campaigns":false,"footnotes":"","jetpack_publicize_message":"","jetpack_publicize_feature_enabled":true,"jetpack_social_post_already_shared":true,"jetpack_social_options":{"image_generator_settings":{"template":"highway","enabled":false}}},"categories":[11,8,5,9],"tags":[],"jetpack_publicize_connections":[],"jetpack_sharing_enabled":true,"jetpack_featured_media_url":"https:\/\/jornalvalenews.com.br\/wp-content\/uploads\/2024\/10\/IMG_1168-scaled.jpeg","_links":{"self":[{"href":"https:\/\/jornalvalenews.com.br\/index.php\/wp-json\/wp\/v2\/posts\/1718"}],"collection":[{"href":"https:\/\/jornalvalenews.com.br\/index.php\/wp-json\/wp\/v2\/posts"}],"about":[{"href":"https:\/\/jornalvalenews.com.br\/index.php\/wp-json\/wp\/v2\/types\/post"}],"author":[{"embeddable":true,"href":"https:\/\/jornalvalenews.com.br\/index.php\/wp-json\/wp\/v2\/users\/1"}],"replies":[{"embeddable":true,"href":"https:\/\/jornalvalenews.com.br\/index.php\/wp-json\/wp\/v2\/comments?post=1718"}],"version-history":[{"count":2,"href":"https:\/\/jornalvalenews.com.br\/index.php\/wp-json\/wp\/v2\/posts\/1718\/revisions"}],"predecessor-version":[{"id":1727,"href":"https:\/\/jornalvalenews.com.br\/index.php\/wp-json\/wp\/v2\/posts\/1718\/revisions\/1727"}],"wp:featuredmedia":[{"embeddable":true,"href":"https:\/\/jornalvalenews.com.br\/index.php\/wp-json\/wp\/v2\/media\/1720"}],"wp:attachment":[{"href":"https:\/\/jornalvalenews.com.br\/index.php\/wp-json\/wp\/v2\/media?parent=1718"}],"wp:term":[{"taxonomy":"category","embeddable":true,"href":"https:\/\/jornalvalenews.com.br\/index.php\/wp-json\/wp\/v2\/categories?post=1718"},{"taxonomy":"post_tag","embeddable":true,"href":"https:\/\/jornalvalenews.com.br\/index.php\/wp-json\/wp\/v2\/tags?post=1718"}],"curies":[{"name":"wp","href":"https:\/\/api.w.org\/{rel}","templated":true}]}}