{"id":1498,"date":"2024-09-19T14:31:47","date_gmt":"2024-09-19T17:31:47","guid":{"rendered":"https:\/\/jornalvalenews.com.br\/?p=1498"},"modified":"2024-09-19T14:33:00","modified_gmt":"2024-09-19T17:33:00","slug":"jovem-e-identificado-como-vitima-fatal-de-acidente-na-go-347-entre-santa-terezinha-e-crixas","status":"publish","type":"post","link":"https:\/\/jornalvalenews.com.br\/index.php\/2024\/09\/19\/jovem-e-identificado-como-vitima-fatal-de-acidente-na-go-347-entre-santa-terezinha-e-crixas\/","title":{"rendered":"Jovem \u00e9 identificado como v\u00edtima fatal de acidente na GO-347, entre Santa Terezinha e Crix\u00e1s"},"content":{"rendered":"<p>&nbsp;<\/p>\n<p><a href=\"https:\/\/api.whatsapp.com\/send?phone=5562985015199&amp;text=Ol%C3%A1,%20gostaria%20de%20agendar%20um%20hor%C3%A1rio%20\" target=\"_blank\" rel=\"noopener\"><img loading=\"lazy\" decoding=\"async\" class=\"alignnone\" src=\"https:\/\/jornalvalenews.com.br\/wp-content\/uploads\/2024\/08\/gif-omega-2024.gif\" alt=\"\" width=\"800\" height=\"666\" \/><\/a><\/p>\n<p>&nbsp;<\/p>\n<p>A v\u00edtima do tr\u00e1gico acidente na manh\u00e3 desta quinta-feira, 19 de setembro, na GO-347, entre Santa Terezinha de Goi\u00e1s e Crix\u00e1s, foi identificado como <strong>Rog\u00e9rio Moreira de Melo<\/strong>.<\/p>\n<p>O jovem era quem conduzia o VW Gol que colidiu com um caminh\u00e3o da empresa Sorvetes Vilela. Segundo informa\u00e7\u00f5es, Rog\u00e9rio era morador de Santa Terezinha de Goi\u00e1s. A comunidade est\u00e1 consternada com a perda do rapaz.<\/p>\n<p><strong>Acidente<\/strong><\/p>\n<p>Segundo informa\u00e7\u00f5es da Pol\u00edcia Militar (PM), o impacto da colis\u00e3o fez com que o carro pegasse fogo imediatamente. O motorista do Gol acabou morrendo carbonizado.<\/p>\n<p>A PM e a Pol\u00edcia Rodovi\u00e1ria Estadual (PRE) foram acionadas. O local deve passar por per\u00edcia da Pol\u00edcia T\u00e9cnico-Cient\u00edfica. A din\u00e2mica do acidente ainda \u00e9 desconhecida.<\/p>\n<p><a href=\"https:\/\/www.instagram.com\/jornalvalenews\/\" target=\"_blank\" rel=\"noopener\"><img loading=\"lazy\" decoding=\"async\" class=\"alignnone\" src=\"https:\/\/jornalvalenews.com.br\/wp-content\/uploads\/2024\/09\/Fique-por-dentro-das-noticias.png\" alt=\"\" width=\"800\" height=\"267\" \/><\/a><\/p>\n<p>&nbsp;<\/p>\n","protected":false},"excerpt":{"rendered":"<p>&nbsp; &nbsp; A v\u00edtima do tr\u00e1gico acidente na manh\u00e3 desta quinta-feira, 19 de setembro, na GO-347, entre Santa Terezinha de Goi\u00e1s e Crix\u00e1s, foi identificado como Rog\u00e9rio Moreira de Melo. O jovem era quem conduzia o VW Gol que colidiu com um caminh\u00e3o da empresa Sorvetes Vilela. Segundo informa\u00e7\u00f5es, Rog\u00e9rio era morador de Santa Terezinha [&hellip;]<\/p>\n","protected":false},"author":1,"featured_media":1499,"comment_status":"open","ping_status":"open","sticky":false,"template":"","format":"standard","meta":{"om_disable_all_campaigns":false,"footnotes":"","jetpack_publicize_message":"","jetpack_publicize_feature_enabled":true,"jetpack_social_post_already_shared":true,"jetpack_social_options":{"image_generator_settings":{"template":"highway","enabled":false}}},"categories":[6,8,9],"tags":[186,233,235],"jetpack_publicize_connections":[],"jetpack_sharing_enabled":true,"jetpack_featured_media_url":"https:\/\/jornalvalenews.com.br\/wp-content\/uploads\/2024\/09\/Copia-de-21a-Semana-14.png","_links":{"self":[{"href":"https:\/\/jornalvalenews.com.br\/index.php\/wp-json\/wp\/v2\/posts\/1498"}],"collection":[{"href":"https:\/\/jornalvalenews.com.br\/index.php\/wp-json\/wp\/v2\/posts"}],"about":[{"href":"https:\/\/jornalvalenews.com.br\/index.php\/wp-json\/wp\/v2\/types\/post"}],"author":[{"embeddable":true,"href":"https:\/\/jornalvalenews.com.br\/index.php\/wp-json\/wp\/v2\/users\/1"}],"replies":[{"embeddable":true,"href":"https:\/\/jornalvalenews.com.br\/index.php\/wp-json\/wp\/v2\/comments?post=1498"}],"version-history":[{"count":3,"href":"https:\/\/jornalvalenews.com.br\/index.php\/wp-json\/wp\/v2\/posts\/1498\/revisions"}],"predecessor-version":[{"id":1502,"href":"https:\/\/jornalvalenews.com.br\/index.php\/wp-json\/wp\/v2\/posts\/1498\/revisions\/1502"}],"wp:featuredmedia":[{"embeddable":true,"href":"https:\/\/jornalvalenews.com.br\/index.php\/wp-json\/wp\/v2\/media\/1499"}],"wp:attachment":[{"href":"https:\/\/jornalvalenews.com.br\/index.php\/wp-json\/wp\/v2\/media?parent=1498"}],"wp:term":[{"taxonomy":"category","embeddable":true,"href":"https:\/\/jornalvalenews.com.br\/index.php\/wp-json\/wp\/v2\/categories?post=1498"},{"taxonomy":"post_tag","embeddable":true,"href":"https:\/\/jornalvalenews.com.br\/index.php\/wp-json\/wp\/v2\/tags?post=1498"}],"curies":[{"name":"wp","href":"https:\/\/api.w.org\/{rel}","templated":true}]}}