{"id":1426,"date":"2024-09-15T12:06:44","date_gmt":"2024-09-15T15:06:44","guid":{"rendered":"https:\/\/jornalvalenews.com.br\/?p=1426"},"modified":"2024-09-15T14:46:07","modified_gmt":"2024-09-15T17:46:07","slug":"jovem-fica-ferido-apos-colidir-com-carreta-estacionada-em-carmo-do-rio-verde","status":"publish","type":"post","link":"https:\/\/jornalvalenews.com.br\/index.php\/2024\/09\/15\/jovem-fica-ferido-apos-colidir-com-carreta-estacionada-em-carmo-do-rio-verde\/","title":{"rendered":"Jovem fica ferido ap\u00f3s colidir com carreta estacionada em Carmo do Rio Verde"},"content":{"rendered":"<p>&nbsp;<\/p>\n<p>&nbsp;<\/p>\n<p><a href=\"https:\/\/api.whatsapp.com\/send?phone=5562985090675&amp;text=Boa%20noite,%20gostaria%20de%20ver%20o%20card%C3%A1pio!\" target=\"_blank\" rel=\"noopener\"><img loading=\"lazy\" decoding=\"async\" class=\"aligncenter\" src=\"https:\/\/jornalvalenews.com.br\/wp-content\/uploads\/2024\/03\/pizza-gif.gif\" alt=\"\" width=\"400\" height=\"333\" \/><\/a><\/p>\n<p>&nbsp;<\/p>\n<p>Na madrugada deste domingo, 15 de setembro, um jovem de Carmo do Rio Verde ficou ferido ap\u00f3s se envolver em um acidente de tr\u00e2nsito na zona urbana da cidade.<\/p>\n<p>De acordo com informa\u00e7\u00f5es preliminares, o rapaz estava pilotando uma motocicleta quando colidiu com uma carreta que estava estacionada em uma rua do Setor Alexandre Pinto.<\/p>\n<p>O Servi\u00e7o de Atendimento M\u00f3vel de Urg\u00eancias (Samu) e profissionais do Hospital Municipal de Carmo do Rio Verde chegaram rapidamente ao local para prestarem os primeiros socorros.<\/p>\n<p>Ap\u00f3s ser atendido na unidade hospitalar local, o jovem seria encaminhado para o Hospital Centro Norte (HCN), em Urua\u00e7u, onde receberia cuidados m\u00e9dicos mais intensivos devido \u00e0 gravidade dos ferimentos. O nome do jovem n\u00e3o foi informado \u00e0 reportagem.<\/p>\n<figure id=\"attachment_1429\" aria-describedby=\"caption-attachment-1429\" style=\"width: 700px\" class=\"wp-caption aligncenter\"><img loading=\"lazy\" decoding=\"async\" class=\" wp-image-1429\" src=\"https:\/\/jornalvalenews.com.br\/wp-content\/uploads\/2024\/09\/IMG_0476-221x300.jpg\" alt=\"\" width=\"700\" height=\"950\" srcset=\"https:\/\/jornalvalenews.com.br\/wp-content\/uploads\/2024\/09\/IMG_0476-221x300.jpg 221w, https:\/\/jornalvalenews.com.br\/wp-content\/uploads\/2024\/09\/IMG_0476-768x1041.jpg 768w, https:\/\/jornalvalenews.com.br\/wp-content\/uploads\/2024\/09\/IMG_0476.jpg 828w\" sizes=\"(max-width: 700px) 100vw, 700px\" \/><figcaption id=\"caption-attachment-1429\" class=\"wp-caption-text\">Foto: reprodu\u00e7\u00e3o<\/figcaption><\/figure>\n<p><a href=\"https:\/\/www.instagram.com\/jornalvalenews\/\" target=\"_blank\" rel=\"noopener\"><img loading=\"lazy\" decoding=\"async\" class=\"alignnone\" src=\"https:\/\/jornalvalenews.com.br\/wp-content\/uploads\/2024\/09\/Fique-por-dentro-das-noticias.png\" alt=\"\" width=\"800\" height=\"267\" \/><\/a><\/p>\n","protected":false},"excerpt":{"rendered":"<p>&nbsp; &nbsp; &nbsp; Na madrugada deste domingo, 15 de setembro, um jovem de Carmo do Rio Verde ficou ferido ap\u00f3s se envolver em um acidente de tr\u00e2nsito na zona urbana da cidade. De acordo com informa\u00e7\u00f5es preliminares, o rapaz estava pilotando uma motocicleta quando colidiu com uma carreta que estava estacionada em uma rua do [&hellip;]<\/p>\n","protected":false},"author":1,"featured_media":1428,"comment_status":"open","ping_status":"open","sticky":false,"template":"","format":"standard","meta":{"om_disable_all_campaigns":false,"footnotes":"","jetpack_publicize_message":"","jetpack_publicize_feature_enabled":true,"jetpack_social_post_already_shared":true,"jetpack_social_options":{"image_generator_settings":{"template":"highway","enabled":false}}},"categories":[6,8,9],"tags":[53],"jetpack_publicize_connections":[],"jetpack_sharing_enabled":true,"jetpack_featured_media_url":"https:\/\/jornalvalenews.com.br\/wp-content\/uploads\/2024\/09\/IMG_0477.jpg","_links":{"self":[{"href":"https:\/\/jornalvalenews.com.br\/index.php\/wp-json\/wp\/v2\/posts\/1426"}],"collection":[{"href":"https:\/\/jornalvalenews.com.br\/index.php\/wp-json\/wp\/v2\/posts"}],"about":[{"href":"https:\/\/jornalvalenews.com.br\/index.php\/wp-json\/wp\/v2\/types\/post"}],"author":[{"embeddable":true,"href":"https:\/\/jornalvalenews.com.br\/index.php\/wp-json\/wp\/v2\/users\/1"}],"replies":[{"embeddable":true,"href":"https:\/\/jornalvalenews.com.br\/index.php\/wp-json\/wp\/v2\/comments?post=1426"}],"version-history":[{"count":6,"href":"https:\/\/jornalvalenews.com.br\/index.php\/wp-json\/wp\/v2\/posts\/1426\/revisions"}],"predecessor-version":[{"id":1440,"href":"https:\/\/jornalvalenews.com.br\/index.php\/wp-json\/wp\/v2\/posts\/1426\/revisions\/1440"}],"wp:featuredmedia":[{"embeddable":true,"href":"https:\/\/jornalvalenews.com.br\/index.php\/wp-json\/wp\/v2\/media\/1428"}],"wp:attachment":[{"href":"https:\/\/jornalvalenews.com.br\/index.php\/wp-json\/wp\/v2\/media?parent=1426"}],"wp:term":[{"taxonomy":"category","embeddable":true,"href":"https:\/\/jornalvalenews.com.br\/index.php\/wp-json\/wp\/v2\/categories?post=1426"},{"taxonomy":"post_tag","embeddable":true,"href":"https:\/\/jornalvalenews.com.br\/index.php\/wp-json\/wp\/v2\/tags?post=1426"}],"curies":[{"name":"wp","href":"https:\/\/api.w.org\/{rel}","templated":true}]}}