{"id":1342,"date":"2024-09-05T22:11:49","date_gmt":"2024-09-06T01:11:49","guid":{"rendered":"https:\/\/jornalvalenews.com.br\/?p=1342"},"modified":"2024-09-05T22:11:49","modified_gmt":"2024-09-06T01:11:49","slug":"grave-acidente-de-transito-entre-goianesia-e-vila-propicio-deixa-uma-pessoa-morta","status":"publish","type":"post","link":"https:\/\/jornalvalenews.com.br\/index.php\/2024\/09\/05\/grave-acidente-de-transito-entre-goianesia-e-vila-propicio-deixa-uma-pessoa-morta\/","title":{"rendered":"Grave acidente de tr\u00e2nsito entre Goian\u00e9sia e Vila Prop\u00edcio deixa uma pessoa morta"},"content":{"rendered":"<p>&nbsp;<\/p>\n<p><a href=\"https:\/\/api.whatsapp.com\/send?phone=5562985015199&amp;text=Ol%C3%A1,%20gostaria%20de%20agendar%20um%20hor%C3%A1rio%20\" target=\"_blank\" rel=\"noopener\"><img loading=\"lazy\" decoding=\"async\" class=\"aligncenter\" src=\"https:\/\/jornalvalenews.com.br\/wp-content\/uploads\/2024\/08\/gif-omega-2024.gif\" alt=\"\" width=\"400\" height=\"333\" \/><\/a><\/p>\n<p>Na noite desta quinta-feira, 05 de setembro, por volta das 19h08, um grave acidente de tr\u00e2nsito na GO-230, entre Goian\u00e9sia a Vila Prop\u00edcio, deixou uma pessoa morta. A colis\u00e3o envolveu uma carreta e um carro VW Polo.<\/p>\n<p>O motorista do Polo, um homem de aproximadamente 50 anos, n\u00e3o resistiu aos ferimentos e faleceu no local. Equipes de emerg\u00eancia e autoridades policiais foram acionada e compareceram ao local para realizarem os procedimentos necess\u00e1rios.<\/p>\n<p>As circunst\u00e2ncias do acidente e as identidades das v\u00edtimas s\u00e3o desconhecidas at\u00e9 o momento.<\/p>\n<p>\ud83d\udcf2\u00a0<strong>Gostou do nosso conte\u00fado?! Siga-nos no Instagram e veja not\u00edcias sempre atualizadas:\u00a0<a href=\"https:\/\/www.instagram.com\/jornalvalenews\/\" target=\"_blank\" rel=\"noopener\">clique aqui @jornalvalenews<\/a><\/strong><\/p>\n<p>&nbsp;<\/p>\n","protected":false},"excerpt":{"rendered":"<p>&nbsp; Na noite desta quinta-feira, 05 de setembro, por volta das 19h08, um grave acidente de tr\u00e2nsito na GO-230, entre Goian\u00e9sia a Vila Prop\u00edcio, deixou uma pessoa morta. A colis\u00e3o envolveu uma carreta e um carro VW Polo. O motorista do Polo, um homem de aproximadamente 50 anos, n\u00e3o resistiu aos ferimentos e faleceu no [&hellip;]<\/p>\n","protected":false},"author":1,"featured_media":1343,"comment_status":"open","ping_status":"open","sticky":false,"template":"","format":"standard","meta":{"om_disable_all_campaigns":false,"footnotes":"","jetpack_publicize_message":"","jetpack_publicize_feature_enabled":true,"jetpack_social_post_already_shared":true,"jetpack_social_options":{"image_generator_settings":{"template":"highway","enabled":false}}},"categories":[6,8,9],"tags":[214,203],"jetpack_publicize_connections":[],"jetpack_sharing_enabled":true,"jetpack_featured_media_url":"https:\/\/jornalvalenews.com.br\/wp-content\/uploads\/2024\/09\/1725582129.png","_links":{"self":[{"href":"https:\/\/jornalvalenews.com.br\/index.php\/wp-json\/wp\/v2\/posts\/1342"}],"collection":[{"href":"https:\/\/jornalvalenews.com.br\/index.php\/wp-json\/wp\/v2\/posts"}],"about":[{"href":"https:\/\/jornalvalenews.com.br\/index.php\/wp-json\/wp\/v2\/types\/post"}],"author":[{"embeddable":true,"href":"https:\/\/jornalvalenews.com.br\/index.php\/wp-json\/wp\/v2\/users\/1"}],"replies":[{"embeddable":true,"href":"https:\/\/jornalvalenews.com.br\/index.php\/wp-json\/wp\/v2\/comments?post=1342"}],"version-history":[{"count":1,"href":"https:\/\/jornalvalenews.com.br\/index.php\/wp-json\/wp\/v2\/posts\/1342\/revisions"}],"predecessor-version":[{"id":1344,"href":"https:\/\/jornalvalenews.com.br\/index.php\/wp-json\/wp\/v2\/posts\/1342\/revisions\/1344"}],"wp:featuredmedia":[{"embeddable":true,"href":"https:\/\/jornalvalenews.com.br\/index.php\/wp-json\/wp\/v2\/media\/1343"}],"wp:attachment":[{"href":"https:\/\/jornalvalenews.com.br\/index.php\/wp-json\/wp\/v2\/media?parent=1342"}],"wp:term":[{"taxonomy":"category","embeddable":true,"href":"https:\/\/jornalvalenews.com.br\/index.php\/wp-json\/wp\/v2\/categories?post=1342"},{"taxonomy":"post_tag","embeddable":true,"href":"https:\/\/jornalvalenews.com.br\/index.php\/wp-json\/wp\/v2\/tags?post=1342"}],"curies":[{"name":"wp","href":"https:\/\/api.w.org\/{rel}","templated":true}]}}