{"id":1212,"date":"2024-08-14T12:30:26","date_gmt":"2024-08-14T15:30:26","guid":{"rendered":"https:\/\/jornalvalenews.com.br\/?p=1212"},"modified":"2024-08-21T19:23:59","modified_gmt":"2024-08-21T22:23:59","slug":"camara-municipal-de-ceres-realiza-a-2a-sessao-ordinaria-do-mes-de-agosto-de-2024-confira","status":"publish","type":"post","link":"https:\/\/jornalvalenews.com.br\/index.php\/2024\/08\/14\/camara-municipal-de-ceres-realiza-a-2a-sessao-ordinaria-do-mes-de-agosto-de-2024-confira\/","title":{"rendered":"C\u00e2mara Municipal de Ceres realiza a 2\u00aa Sess\u00e3o Ordin\u00e1ria do m\u00eas de agosto de 2024: confira"},"content":{"rendered":"<p>&nbsp;<\/p>\n<p><a href=\"https:\/\/api.whatsapp.com\/send?phone=5562994225999&amp;text=Ol%C3%A1,%20gostaria%20de%20saber%20mais%20sobre%20os%20an%C3%BAncios%20no%20Jornal%20Vale%20News.%20\" target=\"_blank\" rel=\"noopener\"><img loading=\"lazy\" decoding=\"async\" class=\"aligncenter\" src=\"https:\/\/jornalvalenews.com.br\/wp-content\/uploads\/2024\/03\/arte-2024-anuncio-Copia-716x1024.png\" alt=\"\" width=\"400\" height=\"572\" \/><\/a><\/p>\n<p>Na \u00faltima ter\u00e7a-feira, dia 13, foi realizada a 2\u00aa Sess\u00e3o Ordin\u00e1ria do m\u00eas de agosto de 2024 da C\u00e2mara Municipal de Ceres.<\/p>\n<p><strong>Na oportunidade foram votadas e aprovadas as seguintes mat\u00e9rias:<\/strong><\/p>\n<p>Mo\u00e7\u00e3o de Pesar pelo falecimento do Sr. Narceu Correia da Silva;<\/p>\n<p>Mo\u00e7\u00e3o de Pesar pelo falecimento do Sr. Roriz Rosa do Amaral;<\/p>\n<p>Mo\u00e7\u00e3o de Pesar pelo falecimento do Sr. Raimundo Ferreira de Santana;<\/p>\n<p>Mo\u00e7\u00e3o de Pesar pelo falecimento do Sr. Jo\u00e3o Silva de Oliveira;<\/p>\n<p>Mo\u00e7\u00e3o de Pesar pelo falecimento da Sr\u00aa. Maria Lucimar da Cruz Morais;<\/p>\n<p>Mo\u00e7\u00e3o de Pesar pelo falecimento do Sr. Ant\u00f4nio da Trindade Fernandes;<\/p>\n<p>Mo\u00e7\u00e3o de Pesar pelo falecimento do Sr. Mirim da Cruz Ribeiro;<\/p>\n<p>Mo\u00e7\u00e3o de Pesar pelo falecimento do Sr. Adair Jos\u00e9 Fernandes;<\/p>\n<p>Mo\u00e7\u00e3o de Pesar pelo falecimento do Sr. Altamiro Pereira dos Santos;<\/p>\n<p><strong>Tamb\u00e9m foram aprovados os seguintes requerimentos:<\/strong><\/p>\n<p><strong><u>N\u00ba. 128\/2024:<\/u><\/strong> requer ao Chefe do Poder Executivo e \u00e0 Secretaria de Obras e Desenvolvimento Urbano as seguintes solicita\u00e7\u00f5es para setor Aldeia do Vale:<\/p>\n<ol>\n<li>Manuten\u00e7\u00e3o\/tapa-buracos nas ruas onde j\u00e1 existia asfalto.<\/li>\n<li>Constru\u00e7\u00e3o de meio fio onde foi feita a nova malha asf\u00e1ltica.<\/li>\n<li>Limpeza geral de todo o setor, incluindo ro\u00e7agem de mato e recolhimento de entulhos.<\/li>\n<\/ol>\n<p><strong>Justificativa:<\/strong> visando a melhora da trafegabilidade, seguran\u00e7a dos moradores e promovendo um ambiente mais limpo e saud\u00e1vel para todos os residentes.<\/p>\n<p><strong><u>N\u00ba. 129\/2024:<\/u><\/strong> requer \u00e0 Secretaria de Meio Ambiente e Saneamento e \u00e0 Secretaria de Infraestrutura que seja realizada a poda das \u00e1rvores situadas na Av. Ministro Fernando Costa, no trecho compreendido entre a esquina com a Avenida Goi\u00e1s e a Avenida Bernardo Say\u00e3o.<\/p>\n<p><strong>Justificativa<\/strong>: a solicita\u00e7\u00e3o se faz necess\u00e1ria devido ao crescimento excessivo dos galhos, o que tem ocasionado transtornos com a rede el\u00e9trica e com a ilumina\u00e7\u00e3o p\u00fablica, diminuindo a visibilidade de motoristas e pedestres e comprometendo a seguran\u00e7a da comunidade em local.<\/p>\n<p><strong><u>N\u00ba. 130\/2024:<\/u><\/strong> requer \u00e0 Secretaria de Seguran\u00e7a e Mobilidade Urbana um quebra-molas na Avenida Jk, no Setor Jardim Petr\u00f3polis, em frente ao superado <em>\u201cDI CERES\u201d.<\/em><\/p>\n<p><strong>Justificativa<\/strong>: solicita\u00e7\u00e3o dos moradores da regi\u00e3o.<\/p>\n<p><strong><u>N\u00ba. 131\/2024:<\/u><\/strong> requer ao Chefe do Poder Executivo e \u00e0 Secretaria de Obras e Secretaria de Infraestrutura a reconstru\u00e7\u00e3o das caixas de recep\u00e7\u00e3o de \u00e1guas pluviais ou a abertura de um canal pr\u00f3prio para a recep\u00e7\u00e3o das \u00e1guas da chuva. Essas caixas est\u00e3o localizadas dentro do Lar Espirita, que passa pela floricultura Beija Flor e tamb\u00e9m no Supermercado Marcus.<\/p>\n<p><strong>Justificativa<\/strong>: conforme verificado no local, por pedido feito em nome da Sr\u00aa Selma (moradora pr\u00f3xima). As referidas caixas est\u00e3o quebradas e h\u00e1 tamb\u00e9m uma eros\u00e3o perto das casas, que foi causada devido ao volume e \u00e0 for\u00e7a das \u00e1guas, gerando transtornos para todos e risco \u00e0 integridade das vias p\u00fablicas e tamb\u00e9m das propriedades locais.<\/p>\n<p><strong><u>N\u00ba. 132\/2024:<\/u><\/strong> requer ao Chefe do Poder Executivo e \u00e0 Secretaria de Obras o cascalhamento da rua 18, localizada no Jardim Sorriso II.<\/p>\n<p><strong>Justificativa<\/strong>: a rua 18 encontra-se em condi\u00e7\u00f5es prec\u00e1rias, com in\u00fameros buracos e dificuldades no tr\u00e1fego, principalmente no per\u00edodo chuvoso. O estado atual da via tem causado transtornos significativos aos moradores e usu\u00e1rios desta via.<\/p>\n<p style=\"text-align: center;\">\n<p style=\"text-align: center;\"><em>&#8211; C\u00e2mara Municipal \u2013<\/em><\/p>\n<p style=\"text-align: center;\"><em>\u00a0<\/em><\/p>\n","protected":false},"excerpt":{"rendered":"<p>&nbsp; Na \u00faltima ter\u00e7a-feira, dia 13, foi realizada a 2\u00aa Sess\u00e3o Ordin\u00e1ria do m\u00eas de agosto de 2024 da C\u00e2mara Municipal de Ceres. Na oportunidade foram votadas e aprovadas as seguintes mat\u00e9rias: Mo\u00e7\u00e3o de Pesar pelo falecimento do Sr. Narceu Correia da Silva; Mo\u00e7\u00e3o de Pesar pelo falecimento do Sr. Roriz Rosa do Amaral; Mo\u00e7\u00e3o [&hellip;]<\/p>\n","protected":false},"author":1,"featured_media":1210,"comment_status":"open","ping_status":"open","sticky":false,"template":"","format":"standard","meta":{"om_disable_all_campaigns":false,"footnotes":"","jetpack_publicize_message":"","jetpack_publicize_feature_enabled":true,"jetpack_social_post_already_shared":true,"jetpack_social_options":{"image_generator_settings":{"template":"highway","enabled":false}}},"categories":[11,8,5,9],"tags":[],"jetpack_publicize_connections":[],"jetpack_sharing_enabled":true,"jetpack_featured_media_url":"https:\/\/jornalvalenews.com.br\/wp-content\/uploads\/2024\/08\/Camara-Municipal-de-Ceres.jpg","_links":{"self":[{"href":"https:\/\/jornalvalenews.com.br\/index.php\/wp-json\/wp\/v2\/posts\/1212"}],"collection":[{"href":"https:\/\/jornalvalenews.com.br\/index.php\/wp-json\/wp\/v2\/posts"}],"about":[{"href":"https:\/\/jornalvalenews.com.br\/index.php\/wp-json\/wp\/v2\/types\/post"}],"author":[{"embeddable":true,"href":"https:\/\/jornalvalenews.com.br\/index.php\/wp-json\/wp\/v2\/users\/1"}],"replies":[{"embeddable":true,"href":"https:\/\/jornalvalenews.com.br\/index.php\/wp-json\/wp\/v2\/comments?post=1212"}],"version-history":[{"count":2,"href":"https:\/\/jornalvalenews.com.br\/index.php\/wp-json\/wp\/v2\/posts\/1212\/revisions"}],"predecessor-version":[{"id":1277,"href":"https:\/\/jornalvalenews.com.br\/index.php\/wp-json\/wp\/v2\/posts\/1212\/revisions\/1277"}],"wp:featuredmedia":[{"embeddable":true,"href":"https:\/\/jornalvalenews.com.br\/index.php\/wp-json\/wp\/v2\/media\/1210"}],"wp:attachment":[{"href":"https:\/\/jornalvalenews.com.br\/index.php\/wp-json\/wp\/v2\/media?parent=1212"}],"wp:term":[{"taxonomy":"category","embeddable":true,"href":"https:\/\/jornalvalenews.com.br\/index.php\/wp-json\/wp\/v2\/categories?post=1212"},{"taxonomy":"post_tag","embeddable":true,"href":"https:\/\/jornalvalenews.com.br\/index.php\/wp-json\/wp\/v2\/tags?post=1212"}],"curies":[{"name":"wp","href":"https:\/\/api.w.org\/{rel}","templated":true}]}}