{"id":1209,"date":"2024-08-07T12:15:23","date_gmt":"2024-08-07T15:15:23","guid":{"rendered":"https:\/\/jornalvalenews.com.br\/?p=1209"},"modified":"2024-08-21T19:17:47","modified_gmt":"2024-08-21T22:17:47","slug":"camara-municipal-de-ceres-realiza-a-1a-sessao-ordinaria-do-mes-de-agosto-de-2024-confira","status":"publish","type":"post","link":"https:\/\/jornalvalenews.com.br\/index.php\/2024\/08\/07\/camara-municipal-de-ceres-realiza-a-1a-sessao-ordinaria-do-mes-de-agosto-de-2024-confira\/","title":{"rendered":"C\u00e2mara Municipal de Ceres realiza a 1\u00aa Sess\u00e3o Ordin\u00e1ria do m\u00eas de agosto de 2024: confira"},"content":{"rendered":"<p>&nbsp;<\/p>\n<p><a href=\"https:\/\/api.whatsapp.com\/send?phone=5562994225999&amp;text=Ol%C3%A1,%20gostaria%20de%20saber%20mais%20sobre%20os%20an%C3%BAncios%20no%20Jornal%20Vale%20News.%20\" target=\"_blank\" rel=\"noopener\"><img loading=\"lazy\" decoding=\"async\" class=\"aligncenter\" src=\"https:\/\/jornalvalenews.com.br\/wp-content\/uploads\/2024\/03\/arte-2024-anuncio-Copia-716x1024.png\" alt=\"\" width=\"400\" height=\"572\" \/><\/a><\/p>\n<p>&nbsp;<\/p>\n<p>Na \u00faltima ter\u00e7a-feira, dia 06, foi realizada a 01\u00aa Sess\u00e3o Ordin\u00e1ria do m\u00eas de agosto de 2024 da C\u00e2mara Municipal de Ceres.<\/p>\n<p>Na oportunidade foi votada e aprovada a seguinte mat\u00e9ria:<\/p>\n<p>REQUERIMENTO N\u00ba.124\/2024: requer ao Chefe do Poder Executivo, \u00e0 Secretaria de Obras e Desenvolvimento Urbano e \u00e0 Secretaria de Servi\u00e7os Urbanos que seja feita a manuten\u00e7\u00e3o, limpeza geral e o fechamento do muro do cemit\u00e9rio da regi\u00e3o do Sap\u00e9.<\/p>\n<p><strong>Justificativa:<\/strong> por solicita\u00e7\u00e3o dos familiares de pessoas que ali foram enterradas e devido ao abandono que o cemit\u00e9rio se encontra.<\/p>\n<p>&nbsp;<\/p>\n<p style=\"text-align: center;\"><em>&#8211; C\u00e2mara Municipal &#8211;<\/em><\/p>\n","protected":false},"excerpt":{"rendered":"<p>&nbsp; &nbsp; Na \u00faltima ter\u00e7a-feira, dia 06, foi realizada a 01\u00aa Sess\u00e3o Ordin\u00e1ria do m\u00eas de agosto de 2024 da C\u00e2mara Municipal de Ceres. Na oportunidade foi votada e aprovada a seguinte mat\u00e9ria: REQUERIMENTO N\u00ba.124\/2024: requer ao Chefe do Poder Executivo, \u00e0 Secretaria de Obras e Desenvolvimento Urbano e \u00e0 Secretaria de Servi\u00e7os Urbanos que [&hellip;]<\/p>\n","protected":false},"author":1,"featured_media":1210,"comment_status":"open","ping_status":"open","sticky":false,"template":"","format":"standard","meta":{"om_disable_all_campaigns":false,"footnotes":"","jetpack_publicize_message":"","jetpack_publicize_feature_enabled":true,"jetpack_social_post_already_shared":true,"jetpack_social_options":{"image_generator_settings":{"template":"highway","enabled":false}}},"categories":[11,8,5,9],"tags":[],"jetpack_publicize_connections":[],"jetpack_sharing_enabled":true,"jetpack_featured_media_url":"https:\/\/jornalvalenews.com.br\/wp-content\/uploads\/2024\/08\/Camara-Municipal-de-Ceres.jpg","_links":{"self":[{"href":"https:\/\/jornalvalenews.com.br\/index.php\/wp-json\/wp\/v2\/posts\/1209"}],"collection":[{"href":"https:\/\/jornalvalenews.com.br\/index.php\/wp-json\/wp\/v2\/posts"}],"about":[{"href":"https:\/\/jornalvalenews.com.br\/index.php\/wp-json\/wp\/v2\/types\/post"}],"author":[{"embeddable":true,"href":"https:\/\/jornalvalenews.com.br\/index.php\/wp-json\/wp\/v2\/users\/1"}],"replies":[{"embeddable":true,"href":"https:\/\/jornalvalenews.com.br\/index.php\/wp-json\/wp\/v2\/comments?post=1209"}],"version-history":[{"count":2,"href":"https:\/\/jornalvalenews.com.br\/index.php\/wp-json\/wp\/v2\/posts\/1209\/revisions"}],"predecessor-version":[{"id":1213,"href":"https:\/\/jornalvalenews.com.br\/index.php\/wp-json\/wp\/v2\/posts\/1209\/revisions\/1213"}],"wp:featuredmedia":[{"embeddable":true,"href":"https:\/\/jornalvalenews.com.br\/index.php\/wp-json\/wp\/v2\/media\/1210"}],"wp:attachment":[{"href":"https:\/\/jornalvalenews.com.br\/index.php\/wp-json\/wp\/v2\/media?parent=1209"}],"wp:term":[{"taxonomy":"category","embeddable":true,"href":"https:\/\/jornalvalenews.com.br\/index.php\/wp-json\/wp\/v2\/categories?post=1209"},{"taxonomy":"post_tag","embeddable":true,"href":"https:\/\/jornalvalenews.com.br\/index.php\/wp-json\/wp\/v2\/tags?post=1209"}],"curies":[{"name":"wp","href":"https:\/\/api.w.org\/{rel}","templated":true}]}}